{"id":10675,"date":"2021-02-01T14:11:52","date_gmt":"2021-02-01T20:11:52","guid":{"rendered":"https:\/\/encuentroinformativo.com.mx\/?p=10675"},"modified":"2021-02-01T14:11:58","modified_gmt":"2021-02-01T20:11:58","slug":"polo-quiere-regresar-a-la-curul-que-dejo-por-la-alcaldia","status":"publish","type":"post","link":"https:\/\/encuentroinformativo.com.mx\/?p=10675","title":{"rendered":"Polo quiere regresar a la curul que dej\u00f3 por la alcald\u00eda"},"content":{"rendered":"\n<p><strong>Alejandro \u00c1vila<\/strong><\/p>\n\n\n\n<p>Medell\u00edn de Bravo, Ver.- El alcalde de Medell\u00edn de Bravo con licencia y ahora aspirante a una diputaci\u00f3n local, Hip\u00f3lito Deschamps Espino Barros, pidi\u00f3 a la militancia del Partido Acci\u00f3n Nacional respetar la elecci\u00f3n interna del pr\u00f3ximo 14 de febrero, y no sumarse a otras corrientes pol\u00edticas en caso de no ser favorecidos por lo n\u00fameros.<\/p>\n\n\n\n<p>Expuso que atr\u00e1s deben de quedar los inter\u00e9s personales y posterior a la elecci\u00f3n interna, sino quedan elector para iniciar la campa\u00f1a por un cargo p\u00fablico, evitar denostar a su contrincante o se\u00f1alar que anomal\u00edas en el proceso.<\/p>\n\n\n\n<p>\u201cQue no nos metamos a una contienda para despu\u00e9s se\u00f1alar que no se le dio la oportunidad y que por alguna raz\u00f3n personal se tiene que ir a otro partido o ir apoyar a otro proyecto pol\u00edtico que no sea de Acci\u00f3n Nacional&#8221;.<\/p>\n\n\n\n<p>&#8220;Hoy lanzo este reto a todos los aspirantes, porque hoy va haber una votaci\u00f3n interna, y el que gane, ganar\u00e1 de manera democr\u00e1tica; hoy reto a todos los aspirantes de Acci\u00f3n Nacional, que sea cual sea el resultado, acepten el resultado como tal y que caminen de la mano con el candidato ganador&#8221;, enfatiz\u00f3.<\/p>\n\n\n\n<p>El militante blanquiazul, acudi\u00f3 este domingo al Comit\u00e9 Directivo Municipal de PAN en Medell\u00edn de Bravo para registrarse como precandidato a la Diputaci\u00f3n Local Distrito XVII.<\/p>\n\n\n\n<p>\u201cYo hago el compromiso de que si no soy favorecido con el voto, voy a caminar con el candidato o candidata del PAN y de la alianza, para pedir el voto por \u00e9l o por ella&#8221;, remat\u00f3.<br>Este martes 2 de febrero es el \u00faltimo d\u00eda para todos los militantes panistas que deseen ser candidatos en 2021 para registrarse como aspirantes a una diputaci\u00f3n local o federal, adem\u00e1s de las alcald\u00edas; la votaci\u00f3n interna ser\u00e1 el pr\u00f3ximo 14 de febrero.<\/p>\n","protected":false},"excerpt":{"rendered":"<p>Alejandro \u00c1vila Medell\u00edn de Bravo, Ver.- El alcalde de Medell\u00edn de Bravo con licencia y ahora aspirante a una diputaci\u00f3n local, Hip\u00f3lito Deschamps Espino Barros, pidi\u00f3 a la militancia del Partido Acci\u00f3n Nacional respetar la elecci\u00f3n interna del pr\u00f3ximo 14 de febrero, y no sumarse a otras corrientes pol\u00edticas en caso de no ser favorecidos [&hellip;]<\/p>\n","protected":false},"author":1,"featured_media":10676,"comment_status":"open","ping_status":"open","sticky":false,"template":"","format":"standard","meta":{"_jetpack_memberships_contains_paid_content":false,"footnotes":""},"categories":[2],"tags":[],"class_list":["post-10675","post","type-post","status-publish","format-standard","has-post-thumbnail","hentry","category-estado"],"jetpack_featured_media_url":"https:\/\/encuentroinformativo.com.mx\/wp-content\/uploads\/2021\/02\/31178E62-A2FE-45FF-BD24-32FA63751C86.jpeg","jetpack_sharing_enabled":true,"jetpack_likes_enabled":true,"amp_enabled":true,"_links":{"self":[{"href":"https:\/\/encuentroinformativo.com.mx\/index.php?rest_route=\/wp\/v2\/posts\/10675","targetHints":{"allow":["GET"]}}],"collection":[{"href":"https:\/\/encuentroinformativo.com.mx\/index.php?rest_route=\/wp\/v2\/posts"}],"about":[{"href":"https:\/\/encuentroinformativo.com.mx\/index.php?rest_route=\/wp\/v2\/types\/post"}],"author":[{"embeddable":true,"href":"https:\/\/encuentroinformativo.com.mx\/index.php?rest_route=\/wp\/v2\/users\/1"}],"replies":[{"embeddable":true,"href":"https:\/\/encuentroinformativo.com.mx\/index.php?rest_route=%2Fwp%2Fv2%2Fcomments&post=10675"}],"version-history":[{"count":1,"href":"https:\/\/encuentroinformativo.com.mx\/index.php?rest_route=\/wp\/v2\/posts\/10675\/revisions"}],"predecessor-version":[{"id":10677,"href":"https:\/\/encuentroinformativo.com.mx\/index.php?rest_route=\/wp\/v2\/posts\/10675\/revisions\/10677"}],"wp:featuredmedia":[{"embeddable":true,"href":"https:\/\/encuentroinformativo.com.mx\/index.php?rest_route=\/wp\/v2\/media\/10676"}],"wp:attachment":[{"href":"https:\/\/encuentroinformativo.com.mx\/index.php?rest_route=%2Fwp%2Fv2%2Fmedia&parent=10675"}],"wp:term":[{"taxonomy":"category","embeddable":true,"href":"https:\/\/encuentroinformativo.com.mx\/index.php?rest_route=%2Fwp%2Fv2%2Fcategories&post=10675"},{"taxonomy":"post_tag","embeddable":true,"href":"https:\/\/encuentroinformativo.com.mx\/index.php?rest_route=%2Fwp%2Fv2%2Ftags&post=10675"}],"curies":[{"name":"wp","href":"https:\/\/api.w.org\/{rel}","templated":true}]}}