{"id":10684,"date":"2021-02-01T14:57:16","date_gmt":"2021-02-01T20:57:16","guid":{"rendered":"https:\/\/encuentroinformativo.com.mx\/?p=10684"},"modified":"2021-02-01T14:57:19","modified_gmt":"2021-02-01T20:57:19","slug":"veracruz-podria-retornar-a-semaforo-rojo-gobernador","status":"publish","type":"post","link":"https:\/\/encuentroinformativo.com.mx\/?p=10684","title":{"rendered":"Veracruz podr\u00eda retornar a sem\u00e1foro rojo: Gobernador"},"content":{"rendered":"\n<p><strong>Juan Arcos <\/strong><\/p>\n\n\n\n<p>Xalapa, Ver.- El gobernador Cuitl\u00e1huac Garc\u00eda Jim\u00e9nez, advirti\u00f3 que el estado de Veracruz podr\u00eda volver al sem\u00e1foro epidemiol\u00f3gico color rojo, de riesgo m\u00e1ximo de contagio, en los siguientes 15 d\u00edas.<\/p>\n\n\n\n<p>En conferencia de prensa, desde Palacio de Gobierno, el mandatario estatal indic\u00f3 que ser\u00e1n emitidas m\u00e1s alertas preventivas por SARS-COV-2 (COVID-19) ante el aumento en los contagios y la ocupaci\u00f3n hospitalaria.<\/p>\n\n\n\n<p>Record\u00f3 que la tercera alerta preventiva concluir\u00e1 el martes 2 de febrero a las 18:00 horas, misma que fue decretada en la Gaceta Oficial del Estado de Veracruz para restringir la movilidad en los centros hist\u00f3ricos de 84 de los 212 municipios y reducir la capacidad del transporte p\u00fablico al 50 por ciento, en los \u00faltimos seis d\u00edas.<\/p>\n\n\n\n<p>\u201cVa a salir la cuarta alerta preventiva contra el r\u00e1pido crecimiento del COVID y cuando ya no estemos en naranja y llegamos a pasar al rojo, ya no ser\u00edan las alertas preventivas, ya ser\u00edan las acciones emergentes que el sem\u00e1foro rojo nos impone\u201d.<\/p>\n\n\n\n<p>El titular del Poder Ejecutivo destac\u00f3 que Veracruz se encuentra a s\u00f3lo cuatro puntos de retroceder en el sem\u00e1foro y volver al color rojo, pues se contabilizan 50 mil 963 casos positivos y 7 mil 111 fallecimientos por coronavirus.<\/p>\n\n\n\n<p>\u201cEs lo que queremos evitar, por eso una vez m\u00e1s llamamos a todas y todos a evitar llegar a ese punto, estamos bien si seguimos cumpliendo, si no cumplimos, entonces no podr\u00eda ser, ya no caigamos en estos saltos tan r\u00e1pidos, imag\u00ednense 12 puntos del sem\u00e1foro, a unas pocas semanas\u201d.<\/p>\n\n\n\n<p>Garc\u00eda Jim\u00e9nez refiri\u00f3 que este retroceso ocurri\u00f3 debido a que muchas personas no siguieron las recomendaciones sanitarias durante los festejos navide\u00f1os y de fin de a\u00f1o.<\/p>\n\n\n\n<p>Record\u00f3 que este martes se reunir\u00e1 con el Comit\u00e9 T\u00e9cnico de Salud, donde se acordar\u00e1n las nuevas medidas a aplicarse en el territorio veracruzano para frenar los contagios.<\/p>\n\n\n\n<p>\u201cYa vienen las vacunas, ya falta menos, pero es muy importante que sigamos cuid\u00e1ndonos\u201d, enfatiz\u00f3 el Gobernador de Veracruz.<\/p>\n\n\n\n<p>De acuerdo con la actualizaci\u00f3n de la Secretar\u00eda de Salud federal, Veracruz contin\u00faa en color naranja (riesgo alto) en el sem\u00e1foro de riesgo epid\u00e9mico, aplicable del lunes 1 al domingo 14 de febrero.<\/p>\n\n\n\n<p>Adem\u00e1s, a nivel estatal, 12 municipios se mantienen en sem\u00e1foro rojo, 106 en naranja, 78 en amarillo y 16 en sem\u00e1foro verde.<\/p>\n","protected":false},"excerpt":{"rendered":"<p>Juan Arcos Xalapa, Ver.- El gobernador Cuitl\u00e1huac Garc\u00eda Jim\u00e9nez, advirti\u00f3 que el estado de Veracruz podr\u00eda volver al sem\u00e1foro epidemiol\u00f3gico color rojo, de riesgo m\u00e1ximo de contagio, en los siguientes 15 d\u00edas. En conferencia de prensa, desde Palacio de Gobierno, el mandatario estatal indic\u00f3 que ser\u00e1n emitidas m\u00e1s alertas preventivas por SARS-COV-2 (COVID-19) ante el [&hellip;]<\/p>\n","protected":false},"author":1,"featured_media":10685,"comment_status":"open","ping_status":"open","sticky":false,"template":"","format":"standard","meta":{"_jetpack_memberships_contains_paid_content":false,"footnotes":""},"categories":[9],"tags":[],"class_list":["post-10684","post","type-post","status-publish","format-standard","has-post-thumbnail","hentry","category-salud"],"jetpack_featured_media_url":"https:\/\/encuentroinformativo.com.mx\/wp-content\/uploads\/2021\/02\/E8823137-074A-4B8F-9A65-B32509110E70.jpeg","jetpack_sharing_enabled":true,"jetpack_likes_enabled":true,"amp_enabled":true,"_links":{"self":[{"href":"https:\/\/encuentroinformativo.com.mx\/index.php?rest_route=\/wp\/v2\/posts\/10684","targetHints":{"allow":["GET"]}}],"collection":[{"href":"https:\/\/encuentroinformativo.com.mx\/index.php?rest_route=\/wp\/v2\/posts"}],"about":[{"href":"https:\/\/encuentroinformativo.com.mx\/index.php?rest_route=\/wp\/v2\/types\/post"}],"author":[{"embeddable":true,"href":"https:\/\/encuentroinformativo.com.mx\/index.php?rest_route=\/wp\/v2\/users\/1"}],"replies":[{"embeddable":true,"href":"https:\/\/encuentroinformativo.com.mx\/index.php?rest_route=%2Fwp%2Fv2%2Fcomments&post=10684"}],"version-history":[{"count":1,"href":"https:\/\/encuentroinformativo.com.mx\/index.php?rest_route=\/wp\/v2\/posts\/10684\/revisions"}],"predecessor-version":[{"id":10686,"href":"https:\/\/encuentroinformativo.com.mx\/index.php?rest_route=\/wp\/v2\/posts\/10684\/revisions\/10686"}],"wp:featuredmedia":[{"embeddable":true,"href":"https:\/\/encuentroinformativo.com.mx\/index.php?rest_route=\/wp\/v2\/media\/10685"}],"wp:attachment":[{"href":"https:\/\/encuentroinformativo.com.mx\/index.php?rest_route=%2Fwp%2Fv2%2Fmedia&parent=10684"}],"wp:term":[{"taxonomy":"category","embeddable":true,"href":"https:\/\/encuentroinformativo.com.mx\/index.php?rest_route=%2Fwp%2Fv2%2Fcategories&post=10684"},{"taxonomy":"post_tag","embeddable":true,"href":"https:\/\/encuentroinformativo.com.mx\/index.php?rest_route=%2Fwp%2Fv2%2Ftags&post=10684"}],"curies":[{"name":"wp","href":"https:\/\/api.w.org\/{rel}","templated":true}]}}