{"id":10693,"date":"2021-02-01T16:06:47","date_gmt":"2021-02-01T22:06:47","guid":{"rendered":"https:\/\/encuentroinformativo.com.mx\/?p=10693"},"modified":"2021-02-01T16:06:49","modified_gmt":"2021-02-01T22:06:49","slug":"unidad-integral-de-servicios-medicos-contara-con-acreditacion-internacional-fiscal","status":"publish","type":"post","link":"https:\/\/encuentroinformativo.com.mx\/?p=10693","title":{"rendered":"Unidad integral de servicios m\u00e9dicos contar\u00e1 con acreditaci\u00f3n internacional: Fiscal"},"content":{"rendered":"\n<p><strong>Dar\u00edo Pale <\/strong><\/p>\n\n\n\n<p>Xalapa, Ver.- La Unidad Integral de Servicios M\u00e9dicos, en Nogales, tendr\u00e1 acreditaci\u00f3n internacional y\u00a0ayudar\u00e1 a avanzar de manera importante en la identificaci\u00f3n de los INI, as\u00ed lo inform\u00f3 la\u00a0fiscal general del Estado, Ver\u00f3nica Hern\u00e1ndez Giad\u00e1ns.<\/p>\n\n\n\n<p>En conferencia de prensa realizada en la sala de Banderas de palacio de Gobierno acompa\u00f1ada del gobernador del estado Cuitl\u00e1huac Garc\u00eda Jimenez,\u00a0y el secretario Ejecutivo del Sistema Nacional de Seguridad P\u00fablica,\u00a0dio a conocer\u00a0que invierten recursos propios para la construcci\u00f3n de esa unidad, en un terreno que fue donado por el ayuntamiento de Nogales, que inici\u00f3 en diciembre pasado.<\/p>\n\n\n\n<p>Dicha unidad contar\u00e1 con un laboratorio de gen\u00e9tica, un SEMEFO y un pante\u00f3n ministerial, lo\u00a0cual ayudar\u00e1 considerablemente a la identificaci\u00f3n de todos los Individuos No Identificados (INI), y ser\u00e1 una unidad con acreditaci\u00f3n internacional y ayudar\u00e1 a avanzar de manera importante en la identificaci\u00f3n de los INI y con ello, hacer justicia.<\/p>\n\n\n\n<p>&#8220;Encontrar a una persona desaparecidas se traduce en una obligaci\u00f3n moral por parte de las instituciones que tenemos esta enorme responsabilidad, pero la identificaci\u00f3n y la entrega de un ser querido que ha estado desaparecido por mucho tiempo a su familia, se traduce en un acto de justicia&#8221;, se\u00f1al\u00f3.<\/p>\n\n\n\n<p>&#8220;Como fiscal general he puesto todo mi empe\u00f1o para que con el equipo de la direcci\u00f3n de Servicios Periciales, la Fiscal\u00eda Especializada en Personas Desaparecidas, de la mano de la Comisi\u00f3n de B\u00fasqueda, la Comisi\u00f3n Nacional de B\u00fasqueda, de la Comisi\u00f3n Estatal de Derechos Humanos, sigamos trabajando para hacer justicia a muchas familias veracruzanas&#8221;, agreg\u00f3.<\/p>\n\n\n\n<p>Afirm\u00f3 que una prioridad era la atenci\u00f3n a los colectivos, tema que por la sensibilidad y dolor de las familias, han puesto un empe\u00f1o total, por lo que reconoci\u00f3 el &#8220;urgente&#8221; fortalecimiento a las fiscal\u00edas de los estados por la responsabilidad que tienen al frente de la procuraci\u00f3n de justicia.<\/p>\n\n\n\n<p>Reiter\u00f3 que de acuerdo a las condiciones en que se encontraba la Fiscal\u00eda al llegar al cargo, era dif\u00edcil avanzar en la procuraci\u00f3n de justicia, por lo que inici\u00f3 acciones homologando salarios, dotando de insumos, veh\u00edculos, mejorando oficinas, entre otros.<\/p>\n\n\n\n<p>Finalmente en ese orden de ideas, el gobernador Cuitl\u00e1huac Garc\u00eda Jim\u00e9nez, anunci\u00f3 que con recursos del Fondo de Aportaciones para la Seguridad P\u00fablica (FASP) se construir\u00e1 otra unidad de este tipo, anuncio que estar\u00e1n haciendo a finales de este a\u00f1o o inicios del otro, primero deben avanzar en el terreno y todos los requisitos que se necesitan, incluso, adelant\u00f3 que ya tienen adelantado en donde se podr\u00eda ubicar.<\/p>\n","protected":false},"excerpt":{"rendered":"<p>Dar\u00edo Pale Xalapa, Ver.- La Unidad Integral de Servicios M\u00e9dicos, en Nogales, tendr\u00e1 acreditaci\u00f3n internacional y\u00a0ayudar\u00e1 a avanzar de manera importante en la identificaci\u00f3n de los INI, as\u00ed lo inform\u00f3 la\u00a0fiscal general del Estado, Ver\u00f3nica Hern\u00e1ndez Giad\u00e1ns. En conferencia de prensa realizada en la sala de Banderas de palacio de Gobierno acompa\u00f1ada del gobernador del [&hellip;]<\/p>\n","protected":false},"author":1,"featured_media":10694,"comment_status":"open","ping_status":"open","sticky":false,"template":"","format":"standard","meta":{"_jetpack_memberships_contains_paid_content":false,"footnotes":""},"categories":[2],"tags":[],"class_list":["post-10693","post","type-post","status-publish","format-standard","has-post-thumbnail","hentry","category-estado"],"jetpack_featured_media_url":"https:\/\/encuentroinformativo.com.mx\/wp-content\/uploads\/2021\/02\/D77D600C-80AA-40F2-B1FE-6B472AC420FA.jpeg","jetpack_sharing_enabled":true,"jetpack_likes_enabled":true,"amp_enabled":true,"_links":{"self":[{"href":"https:\/\/encuentroinformativo.com.mx\/index.php?rest_route=\/wp\/v2\/posts\/10693","targetHints":{"allow":["GET"]}}],"collection":[{"href":"https:\/\/encuentroinformativo.com.mx\/index.php?rest_route=\/wp\/v2\/posts"}],"about":[{"href":"https:\/\/encuentroinformativo.com.mx\/index.php?rest_route=\/wp\/v2\/types\/post"}],"author":[{"embeddable":true,"href":"https:\/\/encuentroinformativo.com.mx\/index.php?rest_route=\/wp\/v2\/users\/1"}],"replies":[{"embeddable":true,"href":"https:\/\/encuentroinformativo.com.mx\/index.php?rest_route=%2Fwp%2Fv2%2Fcomments&post=10693"}],"version-history":[{"count":1,"href":"https:\/\/encuentroinformativo.com.mx\/index.php?rest_route=\/wp\/v2\/posts\/10693\/revisions"}],"predecessor-version":[{"id":10695,"href":"https:\/\/encuentroinformativo.com.mx\/index.php?rest_route=\/wp\/v2\/posts\/10693\/revisions\/10695"}],"wp:featuredmedia":[{"embeddable":true,"href":"https:\/\/encuentroinformativo.com.mx\/index.php?rest_route=\/wp\/v2\/media\/10694"}],"wp:attachment":[{"href":"https:\/\/encuentroinformativo.com.mx\/index.php?rest_route=%2Fwp%2Fv2%2Fmedia&parent=10693"}],"wp:term":[{"taxonomy":"category","embeddable":true,"href":"https:\/\/encuentroinformativo.com.mx\/index.php?rest_route=%2Fwp%2Fv2%2Fcategories&post=10693"},{"taxonomy":"post_tag","embeddable":true,"href":"https:\/\/encuentroinformativo.com.mx\/index.php?rest_route=%2Fwp%2Fv2%2Ftags&post=10693"}],"curies":[{"name":"wp","href":"https:\/\/api.w.org\/{rel}","templated":true}]}}