{"id":10696,"date":"2021-02-01T18:59:52","date_gmt":"2021-02-02T00:59:52","guid":{"rendered":"https:\/\/encuentroinformativo.com.mx\/?p=10696"},"modified":"2021-02-01T18:59:54","modified_gmt":"2021-02-02T00:59:54","slug":"veracruz-de-las-entidades-con-menos-policias","status":"publish","type":"post","link":"https:\/\/encuentroinformativo.com.mx\/?p=10696","title":{"rendered":"Veracruz de las entidades con menos polic\u00edas"},"content":{"rendered":"\n<p><strong>Dar\u00edo Pale\/Juan Arcos <\/strong><\/p>\n\n\n\n<p>Xalapa, Ver.- Veracruz sigue siendo la entidad que menos polic\u00edas tiene de todo el pa\u00eds, ya que a\u00fan est\u00e1n en una etapa lejana de cumplir con la meta as\u00ed lo dio a conocer que el\u00a0secretario Ejecutivo del Sistema Nacional de Seguridad P\u00fablica, Leonel Cota Monta\u00f1o.<\/p>\n\n\n\n<p>En conferencia de prensa realizada en la sala de Banderas acompa\u00f1ado del Gobernador, puntualiz\u00f3 que del Fondo de Fortalecimiento Municipal (Fortamun) se destinaron para los 212 ayuntamientos, un total de 5 mil 544 millones de pesos, de los cuales, el 20 por ciento se debe dedicar a la seguridad, es decir, cuando menos mil 108 millones de pesos.<\/p>\n\n\n\n<p>Dichos recursos deben ocuparse para la contrataci\u00f3n de polic\u00edas, porque &#8220;sigue siendo la entidad que menos polic\u00edas tiene de todo el pa\u00eds&#8221;, ya\u00a0que al arrancar la presente administraci\u00f3n, hab\u00eda .70 y van en 1.6 polic\u00edas por cada mil habitantes, y el prop\u00f3sito es que hayan, cuando menos, 2.8 polic\u00edas por cada mil habitantes.<\/p>\n\n\n\n<p>\u201cDe acuerdo con el presupuesto de egresos de la Federaci\u00f3n debe dedicarse de ese fondo global de Fortamun cuando menos el 20 por ciento en materia de seguridad, esto significa que deben dedicarse cuando menos mil 108 millones de pesos\u201d.<\/p>\n\n\n\n<p>Expres\u00f3 que aunque todav\u00eda Veracruz est\u00e1 en una etapa lejana, con las aportaciones de la Guardia Nacional el porcentaje de polic\u00edas asignados a tareas de seguridad, crecer\u00e1, por lo\u00a0que es necesario fortalecer la capacidad operativa en los 212 municipios, por lo que los recursos federales deben usarse para contratar m\u00e1s polic\u00edas, mejorar sueldos, liquidar a los que no pasen controles de confianza.<\/p>\n\n\n\n<p>Cota Monta\u00f1o asever\u00f3 que los recursos deben usarse de manera central al equipamiento, no debe ser para alumbrado p\u00fablico o pavimentaci\u00f3n para lo que se deba usar, sino para seguridad.<\/p>\n\n\n\n<p>En cuanto al FASP, el funcionario federal detall\u00f3 que se convino con el Gobernador la entrega de 264 millones 498 mil pesos, es decir, 3.4 por ciento m\u00e1s que en 2019, dichos recursos se usar\u00e1n para la procuraci\u00f3n de justicia y resolver este punto &#8220;rojo&#8221; de la justicia en el Pa\u00eds, pues si falla la procuraci\u00f3n de justicia, falla todo el sistema de seguridad y justicia y se est\u00e1 a merced de la &#8220;puerta giratoria&#8221;.<\/p>\n\n\n\n<p>Explic\u00f3 que dicho recurso econ\u00f3mico deber\u00e1 utilizarse para contratar polic\u00edas, mejorar la capacidad operativa en los 212 municipios y los sueldos de polic\u00edas, liquidar a polic\u00edas que reprueben ex\u00e1menes de control y confianza, as\u00ed como en equipamiento de las corporaciones.<\/p>\n\n\n\n<p>\u201cNo es alumbrado p\u00fablico, no es pavimentaci\u00f3n, no son otros aspectos temas de seguridad, la seguridad se mide en funci\u00f3n de la capacidad operativa que tengan las corporaciones municipales y estatales\u201d.<\/p>\n\n\n\n<p>Por otra parte, presumi\u00f3 el descenso de secuestros que entre 2019 y 2020, fue de 59.6 por ciento, asimismo, indic\u00f3 que en homicidios, Veracruz se ubica en todos los delitos que el Secretariado Ejecutivo del Sistema Nacional de Seguridad P\u00fablica eval\u00faa, en el lugar n\u00famero 24, cuando el 1 es el peor y 32 el mejor.<\/p>\n\n\n\n<p>&#8220;De ser una de las principales entidades en los registros de hace dos a\u00f1os, hoy se ha ido alejando positivamente de todo esto&#8221;, finaliz\u00f3.<\/p>\n","protected":false},"excerpt":{"rendered":"<p>Dar\u00edo Pale\/Juan Arcos Xalapa, Ver.- Veracruz sigue siendo la entidad que menos polic\u00edas tiene de todo el pa\u00eds, ya que a\u00fan est\u00e1n en una etapa lejana de cumplir con la meta as\u00ed lo dio a conocer que el\u00a0secretario Ejecutivo del Sistema Nacional de Seguridad P\u00fablica, Leonel Cota Monta\u00f1o. En conferencia de prensa realizada en la [&hellip;]<\/p>\n","protected":false},"author":1,"featured_media":10697,"comment_status":"open","ping_status":"open","sticky":false,"template":"","format":"standard","meta":{"_jetpack_memberships_contains_paid_content":false,"footnotes":""},"categories":[12],"tags":[],"class_list":["post-10696","post","type-post","status-publish","format-standard","has-post-thumbnail","hentry","category-nacional"],"jetpack_featured_media_url":"https:\/\/encuentroinformativo.com.mx\/wp-content\/uploads\/2021\/02\/C1830DEB-79C4-4568-8A1B-817DFCA5018C.jpeg","jetpack_sharing_enabled":true,"jetpack_likes_enabled":true,"amp_enabled":true,"_links":{"self":[{"href":"https:\/\/encuentroinformativo.com.mx\/index.php?rest_route=\/wp\/v2\/posts\/10696","targetHints":{"allow":["GET"]}}],"collection":[{"href":"https:\/\/encuentroinformativo.com.mx\/index.php?rest_route=\/wp\/v2\/posts"}],"about":[{"href":"https:\/\/encuentroinformativo.com.mx\/index.php?rest_route=\/wp\/v2\/types\/post"}],"author":[{"embeddable":true,"href":"https:\/\/encuentroinformativo.com.mx\/index.php?rest_route=\/wp\/v2\/users\/1"}],"replies":[{"embeddable":true,"href":"https:\/\/encuentroinformativo.com.mx\/index.php?rest_route=%2Fwp%2Fv2%2Fcomments&post=10696"}],"version-history":[{"count":1,"href":"https:\/\/encuentroinformativo.com.mx\/index.php?rest_route=\/wp\/v2\/posts\/10696\/revisions"}],"predecessor-version":[{"id":10698,"href":"https:\/\/encuentroinformativo.com.mx\/index.php?rest_route=\/wp\/v2\/posts\/10696\/revisions\/10698"}],"wp:featuredmedia":[{"embeddable":true,"href":"https:\/\/encuentroinformativo.com.mx\/index.php?rest_route=\/wp\/v2\/media\/10697"}],"wp:attachment":[{"href":"https:\/\/encuentroinformativo.com.mx\/index.php?rest_route=%2Fwp%2Fv2%2Fmedia&parent=10696"}],"wp:term":[{"taxonomy":"category","embeddable":true,"href":"https:\/\/encuentroinformativo.com.mx\/index.php?rest_route=%2Fwp%2Fv2%2Fcategories&post=10696"},{"taxonomy":"post_tag","embeddable":true,"href":"https:\/\/encuentroinformativo.com.mx\/index.php?rest_route=%2Fwp%2Fv2%2Ftags&post=10696"}],"curies":[{"name":"wp","href":"https:\/\/api.w.org\/{rel}","templated":true}]}}