{"id":10708,"date":"2021-02-02T12:01:20","date_gmt":"2021-02-02T18:01:20","guid":{"rendered":"https:\/\/encuentroinformativo.com.mx\/?p=10708"},"modified":"2021-02-02T12:01:23","modified_gmt":"2021-02-02T18:01:23","slug":"por-ciberacoso-aumenta-desercion-escolar","status":"publish","type":"post","link":"https:\/\/encuentroinformativo.com.mx\/?p=10708","title":{"rendered":"Por ciberacoso, aumenta deserci\u00f3n escolar"},"content":{"rendered":"\n<p><strong>Juan Arcos <\/strong><\/p>\n\n\n\n<p>Xalapa, Ver.- Tres de cinco ni\u00f1os y j\u00f3venes son v\u00edctimas de bullying por homofobia en el estado de Veracruz, pese a las clases a distancia por la pandemia del SARS-COV-2 (COVID-19).<\/p>\n\n\n\n<p>M\u00e1s del 50 por ciento de los integrantes de la comunidad L\u00e9sbico, Gay, Bisexual y Transexual (LGBT) han sido v\u00edctimas de dicho acoso escolar.<\/p>\n\n\n\n<p>Colectivos de la diversidad sexual elaboraron un protocolo de bullying por homofobia y posteriormente lo presentaron al Departamento Jur\u00eddico de la Secretar\u00eda de Educaci\u00f3n de Veracruz (SEV).<\/p>\n\n\n\n<p>De acuerdo con Benjam\u00edn Callejas Hern\u00e1ndez, presidente de la Coalici\u00f3n Estatal de la Diversidad Sexual, dicho tipo de violencia genera problemas en el autoestima de ni\u00f1as y ni\u00f1os.<\/p>\n\n\n\n<p>El activista coment\u00f3 que dicha situaci\u00f3n ha ocasionado un aumento en la deserci\u00f3n escolar, en ni\u00f1as, ni\u00f1os y j\u00f3venes, de ocho hasta los 18 a\u00f1os.<\/p>\n\n\n\n<p>\u201cSe da una deserci\u00f3n escolar porque no soportan, no aguantan, lo que es ese acoso que reciben por parte de sus compa\u00f1eros\u201d.<\/p>\n\n\n\n<p>Detall\u00f3 que de los tres menores que han sido v\u00edctimas de bullying por homofobia, uno de ellos decide abandonar sus estudios por el da\u00f1o emocional que el problema ocasiona.<\/p>\n\n\n\n<p>\u201cNo los inscribieron porque no hay esas garant\u00edas jur\u00eddico legales de fondo para atender esa problem\u00e1tica que es de suma importancia\u201d.<\/p>\n\n\n\n<p>A su juicio, tambi\u00e9n algunos docentes han incurrido en dichas pr\u00e1cticas en perjuicio de sus estudiantes.<\/p>\n\n\n\n<p>Por tal motivo, la Unidad de G\u00e9nero de la SEV est\u00e1 llevando a cabo capacitaciones con la campa\u00f1a permanente \u201cseres humanos los diversos\u201d, donde el d\u00eda 17 de cada mes, se instruy\u00f3 trasmitir los conocimientos para erradicar y atender los casos de discriminaci\u00f3n por homofobia.<\/p>\n\n\n\n<p>\u201cLa Secretar\u00eda de Educaci\u00f3n s\u00ed est\u00e1 llevando a cabo lo que son ciertas acciones pero no se pueden llevar a cabo acciones m\u00e1s contundentes si la legislaci\u00f3n no cambia\u201d, refiere Callejas Hern\u00e1ndez.<\/p>\n\n\n\n<p>Mencion\u00f3 que en estos tiempos de pandemia es imposible detectar todos los casos de acoso virtual por homofobia qu\u00e9 ocurren en la entidad.<\/p>\n\n\n\n<p>\u201cAhorita con la nueva modalidad educativa de momento no pudiese llegarse a medir lo que est\u00e1 ocurriendo, pero antes, cuando las clases eran presenciales, el bullying por homofobia al interior de las escuelas era tremendo, incluso, originado y provocado por los mismos docentes\u201d, enfatiz\u00f3.<\/p>\n","protected":false},"excerpt":{"rendered":"<p>Juan Arcos Xalapa, Ver.- Tres de cinco ni\u00f1os y j\u00f3venes son v\u00edctimas de bullying por homofobia en el estado de Veracruz, pese a las clases a distancia por la pandemia del SARS-COV-2 (COVID-19). M\u00e1s del 50 por ciento de los integrantes de la comunidad L\u00e9sbico, Gay, Bisexual y Transexual (LGBT) han sido v\u00edctimas de dicho [&hellip;]<\/p>\n","protected":false},"author":1,"featured_media":10709,"comment_status":"open","ping_status":"open","sticky":false,"template":"","format":"standard","meta":{"_jetpack_memberships_contains_paid_content":false,"footnotes":""},"categories":[3],"tags":[],"class_list":["post-10708","post","type-post","status-publish","format-standard","has-post-thumbnail","hentry","category-xalapa"],"jetpack_featured_media_url":"https:\/\/encuentroinformativo.com.mx\/wp-content\/uploads\/2021\/02\/0B17CEE4-B874-4880-89DA-276373E7066A.jpeg","jetpack_sharing_enabled":true,"jetpack_likes_enabled":true,"amp_enabled":true,"_links":{"self":[{"href":"https:\/\/encuentroinformativo.com.mx\/index.php?rest_route=\/wp\/v2\/posts\/10708","targetHints":{"allow":["GET"]}}],"collection":[{"href":"https:\/\/encuentroinformativo.com.mx\/index.php?rest_route=\/wp\/v2\/posts"}],"about":[{"href":"https:\/\/encuentroinformativo.com.mx\/index.php?rest_route=\/wp\/v2\/types\/post"}],"author":[{"embeddable":true,"href":"https:\/\/encuentroinformativo.com.mx\/index.php?rest_route=\/wp\/v2\/users\/1"}],"replies":[{"embeddable":true,"href":"https:\/\/encuentroinformativo.com.mx\/index.php?rest_route=%2Fwp%2Fv2%2Fcomments&post=10708"}],"version-history":[{"count":1,"href":"https:\/\/encuentroinformativo.com.mx\/index.php?rest_route=\/wp\/v2\/posts\/10708\/revisions"}],"predecessor-version":[{"id":10710,"href":"https:\/\/encuentroinformativo.com.mx\/index.php?rest_route=\/wp\/v2\/posts\/10708\/revisions\/10710"}],"wp:featuredmedia":[{"embeddable":true,"href":"https:\/\/encuentroinformativo.com.mx\/index.php?rest_route=\/wp\/v2\/media\/10709"}],"wp:attachment":[{"href":"https:\/\/encuentroinformativo.com.mx\/index.php?rest_route=%2Fwp%2Fv2%2Fmedia&parent=10708"}],"wp:term":[{"taxonomy":"category","embeddable":true,"href":"https:\/\/encuentroinformativo.com.mx\/index.php?rest_route=%2Fwp%2Fv2%2Fcategories&post=10708"},{"taxonomy":"post_tag","embeddable":true,"href":"https:\/\/encuentroinformativo.com.mx\/index.php?rest_route=%2Fwp%2Fv2%2Ftags&post=10708"}],"curies":[{"name":"wp","href":"https:\/\/api.w.org\/{rel}","templated":true}]}}