{"id":10714,"date":"2021-02-02T13:13:04","date_gmt":"2021-02-02T19:13:04","guid":{"rendered":"https:\/\/encuentroinformativo.com.mx\/?p=10714"},"modified":"2021-02-02T13:13:06","modified_gmt":"2021-02-02T19:13:06","slug":"reprueba-prd-prestamo-solicitado-por-gobierno-de-veracruz","status":"publish","type":"post","link":"https:\/\/encuentroinformativo.com.mx\/?p=10714","title":{"rendered":"Reprueba PRD pr\u00e9stamo solicitado por Gobierno de Veracruz"},"content":{"rendered":"\n<p><strong>Juan Arcos<\/strong> <\/p>\n\n\n\n<p>Xalapa, Ver.- El dirigente estatal del Partido de la Revoluci\u00f3n Democr\u00e1tica (PRD), Sergio Cadena Mart\u00ednez, consider\u00f3 que el pr\u00e9stamo de 2 mil millones de pesos que ha pedido el gobernador Cuitl\u00e1huac Garc\u00eda Jim\u00e9nez confirma la quiebra financiera del estado en tan s\u00f3lo dos a\u00f1os.<\/p>\n\n\n\n<p>\u201cQuiebra provocada por el derroche de dinero, la corrupci\u00f3n y el reembolso a la federaci\u00f3n de miles de millones de pesos no ejercidos en obra p\u00fablica, salud y bienestar de las y los veracruzanos\u201d, opin\u00f3.<\/p>\n\n\n\n<p>El l\u00edder perredista se\u00f1al\u00f3 que en dos a\u00f1os de la administraci\u00f3n estatal no se ha logrado un mejoramiento en la calidad de vida de la poblaci\u00f3n.<\/p>\n\n\n\n<p>En ese sentido, refiri\u00f3 que los mismos datos oficiales revelan que actualmente hay 5 millones de personas en condici\u00f3n de pobreza, dos millones de ellas en pobreza extrema.<\/p>\n\n\n\n<p>\u201cY otros tantos millones de familias enfrentando la falta de empleo y de ingresos econ\u00f3micos seguros, sin ninguna atenci\u00f3n gubernamental\u201d, expres\u00f3.<\/p>\n\n\n\n<p>Cadena Mart\u00ednez indic\u00f3 que la crisis financiera del gobierno estatal no fue causada por las y los veracruzanos sino por los recortes al presupuesto que ha ordenado el gobierno federal.<\/p>\n\n\n\n<p>Sin embargo, a su juicio, el Gobernador nunca exigi\u00f3 al presidente Andr\u00e9s Manuel L\u00f3pez Obrador reconsiderar estos recortes.<\/p>\n\n\n\n<p>\u201cNunca protest\u00f3, prefiri\u00f3 no molestarlo para no caer de su gracia; prefiri\u00f3 empobrecer a ocho millones de veracruzanos, contratando esta deuda a 20 a\u00f1os, en la opacidad de un tr\u00e1mite que fue avalado por un congreso local c\u00f3mplice de la tragedia que vive un Veracruz abandonado, sin recursos y endeudado\u201d.<\/p>\n\n\n\n<p>El dirigente del Sol Azteca en Veracruz lament\u00f3 que en esta entidad no haya generaci\u00f3n de empleos, salud garantizada, ni apoyo a empresas que sobreviven las restricciones por la pandemia del SARS-COV-2 (COVID-19).<\/p>\n\n\n\n<p>\u201cS\u00f3lo con la voluntad de la sociedad civil, del empuje de una ciudadan\u00eda fuerte, cuyo \u00edmpetu y decisi\u00f3n de cambiar las cosas, los sacar\u00e1 adelante. La decisi\u00f3n est\u00e1 en tus manos o cambiamos o nos preparamos para el gran desastre\u201d, enfatiz\u00f3.<\/p>\n","protected":false},"excerpt":{"rendered":"<p>Juan Arcos Xalapa, Ver.- El dirigente estatal del Partido de la Revoluci\u00f3n Democr\u00e1tica (PRD), Sergio Cadena Mart\u00ednez, consider\u00f3 que el pr\u00e9stamo de 2 mil millones de pesos que ha pedido el gobernador Cuitl\u00e1huac Garc\u00eda Jim\u00e9nez confirma la quiebra financiera del estado en tan s\u00f3lo dos a\u00f1os. \u201cQuiebra provocada por el derroche de dinero, la corrupci\u00f3n [&hellip;]<\/p>\n","protected":false},"author":1,"featured_media":10715,"comment_status":"open","ping_status":"open","sticky":false,"template":"","format":"standard","meta":{"_jetpack_memberships_contains_paid_content":false,"footnotes":""},"categories":[2],"tags":[],"class_list":["post-10714","post","type-post","status-publish","format-standard","has-post-thumbnail","hentry","category-estado"],"jetpack_featured_media_url":"https:\/\/encuentroinformativo.com.mx\/wp-content\/uploads\/2021\/02\/5802D5FB-A0A0-4552-BD46-72959EEBB98B.jpeg","jetpack_sharing_enabled":true,"jetpack_likes_enabled":true,"amp_enabled":true,"_links":{"self":[{"href":"https:\/\/encuentroinformativo.com.mx\/index.php?rest_route=\/wp\/v2\/posts\/10714","targetHints":{"allow":["GET"]}}],"collection":[{"href":"https:\/\/encuentroinformativo.com.mx\/index.php?rest_route=\/wp\/v2\/posts"}],"about":[{"href":"https:\/\/encuentroinformativo.com.mx\/index.php?rest_route=\/wp\/v2\/types\/post"}],"author":[{"embeddable":true,"href":"https:\/\/encuentroinformativo.com.mx\/index.php?rest_route=\/wp\/v2\/users\/1"}],"replies":[{"embeddable":true,"href":"https:\/\/encuentroinformativo.com.mx\/index.php?rest_route=%2Fwp%2Fv2%2Fcomments&post=10714"}],"version-history":[{"count":1,"href":"https:\/\/encuentroinformativo.com.mx\/index.php?rest_route=\/wp\/v2\/posts\/10714\/revisions"}],"predecessor-version":[{"id":10716,"href":"https:\/\/encuentroinformativo.com.mx\/index.php?rest_route=\/wp\/v2\/posts\/10714\/revisions\/10716"}],"wp:featuredmedia":[{"embeddable":true,"href":"https:\/\/encuentroinformativo.com.mx\/index.php?rest_route=\/wp\/v2\/media\/10715"}],"wp:attachment":[{"href":"https:\/\/encuentroinformativo.com.mx\/index.php?rest_route=%2Fwp%2Fv2%2Fmedia&parent=10714"}],"wp:term":[{"taxonomy":"category","embeddable":true,"href":"https:\/\/encuentroinformativo.com.mx\/index.php?rest_route=%2Fwp%2Fv2%2Fcategories&post=10714"},{"taxonomy":"post_tag","embeddable":true,"href":"https:\/\/encuentroinformativo.com.mx\/index.php?rest_route=%2Fwp%2Fv2%2Ftags&post=10714"}],"curies":[{"name":"wp","href":"https:\/\/api.w.org\/{rel}","templated":true}]}}