{"id":10723,"date":"2021-02-02T12:23:47","date_gmt":"2021-02-02T18:23:47","guid":{"rendered":"https:\/\/encuentroinformativo.com.mx\/?p=10723"},"modified":"2021-02-02T14:30:31","modified_gmt":"2021-02-02T20:30:31","slug":"defiende-pt-validez-de-alianza-con-morena-y-verde","status":"publish","type":"post","link":"https:\/\/encuentroinformativo.com.mx\/?p=10723","title":{"rendered":"Defiende PT validez de alianza con Morena y Verde"},"content":{"rendered":"\n<p><strong>Juan Arcos\/Dar\u00edo Pale <\/strong><\/p>\n\n\n\n<p>Xalapa, Ver.- El coordinador estatal del Partido del Trabajo (PT), Vicente Aguilar Aguilar, confirm\u00f3 la validez de la alianza con el Movimiento de Regeneraci\u00f3n Nacional (Morena) y el Partido Verde Ecologista de M\u00e9xico (PVEM) en el estado de Veracruz.<\/p>\n\n\n\n<p>Detall\u00f3 que en la negociaci\u00f3n se acord\u00f3 encabezar la candidatura en 34 ayuntamientos, en alianza.<\/p>\n\n\n\n<p>\u201cLa alianza se dio en una mesa de negociaci\u00f3n nacional. Los l\u00edderes de los tres partidos ratificaron con sus firmas el Convenio, mismo que fue presentado y registrado el pasado jueves ante el OPLE de Veracruz. La alianza en comento fortalece su similar a nivel federal \u201cJuntos Haremos Historia\u201d volver\u00e1 a triunfar. El PT mostrar\u00e1 su real fuerza\u201d, expres\u00f3.<\/p>\n\n\n\n<p>Y aunque reconoci\u00f3 que ha quedado de manifiesto las diferencias que existen al interior de Morena dijo que los ha llamado al di\u00e1logo  \u201clas diferencias pol\u00edticas y las diferencias ideol\u00f3gicas deben ser siempre factor de unidad, que se pregunten por qu\u00e9 no estuvo Gonzalo, si es de la Direcci\u00f3n, es tema de ellos, estuvieron diputados locales, federales y al final de las firmas entregaron el acuerdo a la mesa de negociaci\u00f3n&#8221;.<\/p>\n\n\n\n<p>&#8220;Yo no s\u00e9 por qu\u00e9 no estuvo Gonzalo. Le entregaron la carpeta y \u00e9l (Ram\u00edrez Zepeta) s\u00f3lo vino a entregarla ac\u00e1. En el tema del liderazgo, desconozco porque es la vida interna de los camaradas y ellos matan sus pulgas a su gusto&#8221;, agreg\u00f3.<\/p>\n\n\n\n<p>Afirm\u00f3 que la coalici\u00f3n es v\u00e1lida, porque fue firmada por los dirigentes nacionales, lo cual rebasa a las dirigencias estatales, por lo que sostuvo que ha exhortado a los integrantes de Morena a que hagan pol\u00edtica, que la pol\u00edtica es di\u00e1logo, entendimiento, acuerdo, liderazgo y buen gobierno.<\/p>\n\n\n\n<p>\u201cYo los he invitado a que dialoguen, lo que s\u00ed les puedo decir es que en la mesa de negociaciones en la Ciudad de M\u00e9xico, nacional, no estatal, si el compa\u00f1ero Gonzalo Vicencio no estuvo presente y estuvo Esteban Ram\u00edrez; se deben preguntar por qu\u00e9 no lo llamaron&#8221;, reiter\u00f3.<\/p>\n","protected":false},"excerpt":{"rendered":"<p>Juan Arcos\/Dar\u00edo Pale Xalapa, Ver.- El coordinador estatal del Partido del Trabajo (PT), Vicente Aguilar Aguilar, confirm\u00f3 la validez de la alianza con el Movimiento de Regeneraci\u00f3n Nacional (Morena) y el Partido Verde Ecologista de M\u00e9xico (PVEM) en el estado de Veracruz. Detall\u00f3 que en la negociaci\u00f3n se acord\u00f3 encabezar la candidatura en 34 ayuntamientos, [&hellip;]<\/p>\n","protected":false},"author":1,"featured_media":10724,"comment_status":"open","ping_status":"open","sticky":false,"template":"","format":"standard","meta":{"_jetpack_memberships_contains_paid_content":false,"footnotes":""},"categories":[3],"tags":[],"class_list":["post-10723","post","type-post","status-publish","format-standard","has-post-thumbnail","hentry","category-xalapa"],"jetpack_featured_media_url":"https:\/\/encuentroinformativo.com.mx\/wp-content\/uploads\/2021\/02\/0CA3DF3D-9F75-4474-8D87-9E6029EF4E90.jpeg","jetpack_sharing_enabled":true,"jetpack_likes_enabled":true,"amp_enabled":true,"_links":{"self":[{"href":"https:\/\/encuentroinformativo.com.mx\/index.php?rest_route=\/wp\/v2\/posts\/10723","targetHints":{"allow":["GET"]}}],"collection":[{"href":"https:\/\/encuentroinformativo.com.mx\/index.php?rest_route=\/wp\/v2\/posts"}],"about":[{"href":"https:\/\/encuentroinformativo.com.mx\/index.php?rest_route=\/wp\/v2\/types\/post"}],"author":[{"embeddable":true,"href":"https:\/\/encuentroinformativo.com.mx\/index.php?rest_route=\/wp\/v2\/users\/1"}],"replies":[{"embeddable":true,"href":"https:\/\/encuentroinformativo.com.mx\/index.php?rest_route=%2Fwp%2Fv2%2Fcomments&post=10723"}],"version-history":[{"count":1,"href":"https:\/\/encuentroinformativo.com.mx\/index.php?rest_route=\/wp\/v2\/posts\/10723\/revisions"}],"predecessor-version":[{"id":10725,"href":"https:\/\/encuentroinformativo.com.mx\/index.php?rest_route=\/wp\/v2\/posts\/10723\/revisions\/10725"}],"wp:featuredmedia":[{"embeddable":true,"href":"https:\/\/encuentroinformativo.com.mx\/index.php?rest_route=\/wp\/v2\/media\/10724"}],"wp:attachment":[{"href":"https:\/\/encuentroinformativo.com.mx\/index.php?rest_route=%2Fwp%2Fv2%2Fmedia&parent=10723"}],"wp:term":[{"taxonomy":"category","embeddable":true,"href":"https:\/\/encuentroinformativo.com.mx\/index.php?rest_route=%2Fwp%2Fv2%2Fcategories&post=10723"},{"taxonomy":"post_tag","embeddable":true,"href":"https:\/\/encuentroinformativo.com.mx\/index.php?rest_route=%2Fwp%2Fv2%2Ftags&post=10723"}],"curies":[{"name":"wp","href":"https:\/\/api.w.org\/{rel}","templated":true}]}}