{"id":10733,"date":"2021-02-03T08:41:38","date_gmt":"2021-02-03T14:41:38","guid":{"rendered":"https:\/\/encuentroinformativo.com.mx\/?p=10733"},"modified":"2021-02-03T08:41:40","modified_gmt":"2021-02-03T14:41:40","slug":"emiliano-zapata-por-su-dia-d","status":"publish","type":"post","link":"https:\/\/encuentroinformativo.com.mx\/?p=10733","title":{"rendered":"Emiliano Zapata, por su d\u00eda D"},"content":{"rendered":"\n<p><strong>Los Pol\u00edticos<\/strong><\/p>\n\n\n\n<p><strong>Salvador Mu\u00f1oz<\/strong><\/p>\n\n\n\n<p>Insisto: la Alianza tiene muy buenas intenciones en la idea de generar un equilibrio o contrapeso al partido en el Poder\u2026 el asunto es c\u00f3mo hacerlo entender a la militancia que su deseo partidista y de ciudadano, por hacer valer su derecho de ser votado, se haga a un lado por acuerdos que favorecen a la Alianza\u2026<\/p>\n\n\n\n<p>Otro ejemplo de esto ocurre en Emiliano Zapata, uno de los municipios con m\u00e1s extensi\u00f3n en la entidad y gobernado actualmente por Morena, pues hasta antes de que se diera a conocer qui\u00e9n encabezar\u00eda la alianza en este sitio en pos de la presidencia municipal, hab\u00eda nueve suspirantes en la suma de los tres partidos\u2026 Por el PRI, hab\u00eda 3; por el PAN, cuatro y dos m\u00e1s por el PRD. El asunto fue que cuando se supo que el Revolucionario Institucional ser\u00eda cabeza de manada, sucedi\u00f3 un fen\u00f3meno que, igual, se insiste, no es nuevo en los partidos y que tampoco escapa de las alianzas: la desbandada.<\/p>\n\n\n\n<p>As\u00ed, cuando Fernando Retureta vio que la posible propuesta para encabezar la candidatura se enfila hacia Renato Alarc\u00f3n Guevara, que le pone alas a sus aspiraciones literalmente\u2026 \u00a1y se fue con Movimiento Ciudadano!<\/p>\n\n\n\n<p>En el caso del PAN, de los que se saben, Sergio Leyva Olmos est\u00e1 a nada si no es que ya lo hizo, de registrarse con Podemos.<\/p>\n\n\n\n<p>Reitero\u2026 lo que sufre en estos momentos la Alianza no es un caso particular\u2026 en Morena ocurre lo mismo en este municipio y eso que a\u00fan no se tiene definido candidato o candidata. Hay molestia entre los simpatizantes del partido de la 4T cuando se escucha el rumor de que el partido ha de poner la designaci\u00f3n en manos de Doralina Quesada Sedas y conste, no se trata de asunto de misoginia, sino de ver que lo mismo que hacen otros partidos y que Morena rechazaba, ahora lo quieren emular.<\/p>\n\n\n\n<p>Doralina Quesada es la esposa de Jorge Alberto Mier Acolt, presidente municipal de Emiliano Zapata. Es decir, as\u00ed como el PAN, PRI, PRD o cualquier otro partido, Morena podr\u00eda incurrir en un \u201cpatrimonialismo pol\u00edtico\u201d pretendiendo que la familia asuma candidaturas y cargos. Hay morenos que ven con desagrado y desilusi\u00f3n esto y s\u00f3lo est\u00e1n a la espera de que se confirme y si es as\u00ed, \u00a1bye!<\/p>\n\n\n\n<p>Al final, todo indica que en Morena van a apostarle a la marca del Partido&#8230;<\/p>\n\n\n\n<p>Muy al contrario de lo que padecen los de la Alianza y Morena, hay partidos que no est\u00e1n teniendo tantos problemas con este proceso, al menos en este municipio\u2026 un caso es Redes Sociales Progresistas.<\/p>\n\n\n\n<p>All\u00ed, todo enfila a que el candidato sea Daniel Baizabal, pol\u00edtico y empresario\u2026 de acuerdo a sondeos y encuestas, al ex campe\u00f3n estatal de Lucha Grecorromana lo ubican como el candidato a vencer.<\/p>\n\n\n\n<p>A diferencia de sus posibles contendientes, Daniel busca sumar tan as\u00ed, que lo mismo tiene aliados panistas, priistas, perredistas, del Verde y hasta de Morena por una sencilla raz\u00f3n: no est\u00e1 casado con colores pero s\u00ed con la idea de llevar a Emiliano Zapata a una mejor calidad de vida\u2026<\/p>\n\n\n\n<p>\u00a1Ah! Por cierto, Redes Sociales Progresistas busca hacer un binomio interesante tanto en la candidatura por la presidencia municipal, como por la diputaci\u00f3n local y si va Daniel Baizabal por la primera, har\u00eda el 1-2 con David Cerero, joven entusiasta, emprendedor, de gran activismo social a trav\u00e9s de su asociaci\u00f3n Dando Cambios Contigo, que ha hecho lo incre\u00edble,&nbsp; no s\u00f3lo en Emiliano Zapata, sino en varios puntos del estado, ya sea con aparatos para la sordera, lentes y ahora con la pandemia, apoyando a quienes no ten\u00edan manera de allegarse ingresos\u2026 siempre hubo una despensa que les diera un h\u00e1lito de esperanza\u2026<\/p>\n\n\n\n<p>Ante los zapatenses, Redes Sociales Progresistas ya dio un paso con Daniel y David\u2026 falta ver las cartas que ponga el resto de los partidos.&nbsp;<\/p>\n\n\n\n<p><a href=\"mailto:smcainito@gmail.com\" target=\"_blank\" rel=\"noreferrer noopener\">smcainito@gmail.com<\/a><\/p>\n","protected":false},"excerpt":{"rendered":"<p>Los Pol\u00edticos Salvador Mu\u00f1oz Insisto: la Alianza tiene muy buenas intenciones en la idea de generar un equilibrio o contrapeso al partido en el Poder\u2026 el asunto es c\u00f3mo hacerlo entender a la militancia que su deseo partidista y de ciudadano, por hacer valer su derecho de ser votado, se haga a un lado por [&hellip;]<\/p>\n","protected":false},"author":1,"featured_media":70,"comment_status":"open","ping_status":"open","sticky":false,"template":"","format":"standard","meta":{"_jetpack_memberships_contains_paid_content":false,"footnotes":""},"categories":[11],"tags":[],"class_list":["post-10733","post","type-post","status-publish","format-standard","has-post-thumbnail","hentry","category-opinion"],"jetpack_featured_media_url":"https:\/\/encuentroinformativo.com.mx\/wp-content\/uploads\/2020\/02\/opinion-invitado.jpg","jetpack_sharing_enabled":true,"jetpack_likes_enabled":true,"amp_enabled":true,"_links":{"self":[{"href":"https:\/\/encuentroinformativo.com.mx\/index.php?rest_route=\/wp\/v2\/posts\/10733","targetHints":{"allow":["GET"]}}],"collection":[{"href":"https:\/\/encuentroinformativo.com.mx\/index.php?rest_route=\/wp\/v2\/posts"}],"about":[{"href":"https:\/\/encuentroinformativo.com.mx\/index.php?rest_route=\/wp\/v2\/types\/post"}],"author":[{"embeddable":true,"href":"https:\/\/encuentroinformativo.com.mx\/index.php?rest_route=\/wp\/v2\/users\/1"}],"replies":[{"embeddable":true,"href":"https:\/\/encuentroinformativo.com.mx\/index.php?rest_route=%2Fwp%2Fv2%2Fcomments&post=10733"}],"version-history":[{"count":1,"href":"https:\/\/encuentroinformativo.com.mx\/index.php?rest_route=\/wp\/v2\/posts\/10733\/revisions"}],"predecessor-version":[{"id":10734,"href":"https:\/\/encuentroinformativo.com.mx\/index.php?rest_route=\/wp\/v2\/posts\/10733\/revisions\/10734"}],"wp:featuredmedia":[{"embeddable":true,"href":"https:\/\/encuentroinformativo.com.mx\/index.php?rest_route=\/wp\/v2\/media\/70"}],"wp:attachment":[{"href":"https:\/\/encuentroinformativo.com.mx\/index.php?rest_route=%2Fwp%2Fv2%2Fmedia&parent=10733"}],"wp:term":[{"taxonomy":"category","embeddable":true,"href":"https:\/\/encuentroinformativo.com.mx\/index.php?rest_route=%2Fwp%2Fv2%2Fcategories&post=10733"},{"taxonomy":"post_tag","embeddable":true,"href":"https:\/\/encuentroinformativo.com.mx\/index.php?rest_route=%2Fwp%2Fv2%2Ftags&post=10733"}],"curies":[{"name":"wp","href":"https:\/\/api.w.org\/{rel}","templated":true}]}}