{"id":10737,"date":"2021-02-03T10:08:31","date_gmt":"2021-02-03T16:08:31","guid":{"rendered":"https:\/\/encuentroinformativo.com.mx\/?p=10737"},"modified":"2021-02-03T10:08:34","modified_gmt":"2021-02-03T16:08:34","slug":"mi-proyecto-politico-les-molesta-florencia-martinez","status":"publish","type":"post","link":"https:\/\/encuentroinformativo.com.mx\/?p=10737","title":{"rendered":"Mi proyecto pol\u00edtico les molesta: Florencia Mart\u00ednez"},"content":{"rendered":"\n<p><strong>Redacci\u00f3n<\/strong><\/p>\n\n\n\n<p>Xalapa, Ver.- La diputada local Florencia Mart\u00ednez Rivera no descart\u00f3 que el atentado que sufri\u00f3 la tarde de este martes en Oluta obedezca a tintes pol\u00edticos de los proyectos en los cuales participa.\u00a0<\/p>\n\n\n\n<p>Motivo por el cual a trav\u00e9s de un comunicado emitido en sus redes sociales, agradeci\u00f3 a las fuerzas del orden, as\u00ed como al elemento que repeli\u00f3 la agresi\u00f3n lo cual permiti\u00f3 que ella y sus acompa\u00f1antes como la fiscal de distrito Marisela Rojas salieran ilesas. \u00a0<\/p>\n\n\n\n<p>Al respecto precis\u00f3: \u201cEl d\u00eda de hoy comiendo con parte de mi equipo de trabajo hubo un atentado, donde en el lugar tambi\u00e9n estaba presente la fiscal de distrito; gracias a la pronta reacci\u00f3n del elemento de seguridad no hubo heridos ni lesionados\u201d.<\/p>\n\n\n\n<p>Pongo de manifiesto que el proyecto pol\u00edtico del cual formo parte en MORENA -enfatiz\u00f3- ha causado una gran molestia en pol\u00edticos de la regi\u00f3n, las formas de hacer pol\u00edtica de ninguna manera debe de ser bajo violencia. Por eso quiero dejar constancia que la seguridad de mi persona y la de mi familia est\u00e1 en riesgo por lo anteriormente mencionado.<\/p>\n\n\n\n<p>Cabe recordar que este martes la legisladora de Morena se encontraba comiendo en el restaurante El Delirio, sitio hasta el cual hombres armados ingresaron en lo que pareciera un ataque directo hacia su persona y la fiscal.<\/p>\n","protected":false},"excerpt":{"rendered":"<p>Redacci\u00f3n Xalapa, Ver.- La diputada local Florencia Mart\u00ednez Rivera no descart\u00f3 que el atentado que sufri\u00f3 la tarde de este martes en Oluta obedezca a tintes pol\u00edticos de los proyectos en los cuales participa.\u00a0 Motivo por el cual a trav\u00e9s de un comunicado emitido en sus redes sociales, agradeci\u00f3 a las fuerzas del orden, as\u00ed [&hellip;]<\/p>\n","protected":false},"author":1,"featured_media":10731,"comment_status":"open","ping_status":"open","sticky":false,"template":"","format":"standard","meta":{"_jetpack_memberships_contains_paid_content":false,"footnotes":""},"categories":[2],"tags":[],"class_list":["post-10737","post","type-post","status-publish","format-standard","has-post-thumbnail","hentry","category-estado"],"jetpack_featured_media_url":"https:\/\/encuentroinformativo.com.mx\/wp-content\/uploads\/2021\/02\/1C1FC0FD-EFB4-4C49-8A2A-24911CB8C891.jpeg","jetpack_sharing_enabled":true,"jetpack_likes_enabled":true,"amp_enabled":true,"_links":{"self":[{"href":"https:\/\/encuentroinformativo.com.mx\/index.php?rest_route=\/wp\/v2\/posts\/10737","targetHints":{"allow":["GET"]}}],"collection":[{"href":"https:\/\/encuentroinformativo.com.mx\/index.php?rest_route=\/wp\/v2\/posts"}],"about":[{"href":"https:\/\/encuentroinformativo.com.mx\/index.php?rest_route=\/wp\/v2\/types\/post"}],"author":[{"embeddable":true,"href":"https:\/\/encuentroinformativo.com.mx\/index.php?rest_route=\/wp\/v2\/users\/1"}],"replies":[{"embeddable":true,"href":"https:\/\/encuentroinformativo.com.mx\/index.php?rest_route=%2Fwp%2Fv2%2Fcomments&post=10737"}],"version-history":[{"count":1,"href":"https:\/\/encuentroinformativo.com.mx\/index.php?rest_route=\/wp\/v2\/posts\/10737\/revisions"}],"predecessor-version":[{"id":10738,"href":"https:\/\/encuentroinformativo.com.mx\/index.php?rest_route=\/wp\/v2\/posts\/10737\/revisions\/10738"}],"wp:featuredmedia":[{"embeddable":true,"href":"https:\/\/encuentroinformativo.com.mx\/index.php?rest_route=\/wp\/v2\/media\/10731"}],"wp:attachment":[{"href":"https:\/\/encuentroinformativo.com.mx\/index.php?rest_route=%2Fwp%2Fv2%2Fmedia&parent=10737"}],"wp:term":[{"taxonomy":"category","embeddable":true,"href":"https:\/\/encuentroinformativo.com.mx\/index.php?rest_route=%2Fwp%2Fv2%2Fcategories&post=10737"},{"taxonomy":"post_tag","embeddable":true,"href":"https:\/\/encuentroinformativo.com.mx\/index.php?rest_route=%2Fwp%2Fv2%2Ftags&post=10737"}],"curies":[{"name":"wp","href":"https:\/\/api.w.org\/{rel}","templated":true}]}}