{"id":10739,"date":"2021-02-03T11:50:59","date_gmt":"2021-02-03T17:50:59","guid":{"rendered":"https:\/\/encuentroinformativo.com.mx\/?p=10739"},"modified":"2021-02-03T11:51:02","modified_gmt":"2021-02-03T17:51:02","slug":"con-bloqueo-normalistas-demandan-plazas","status":"publish","type":"post","link":"https:\/\/encuentroinformativo.com.mx\/?p=10739","title":{"rendered":"Con bloqueo, normalistas demandan plazas"},"content":{"rendered":"\n<p><strong>Juan Arcos <\/strong><\/p>\n\n\n\n<p>Xalapa, Ver.- Una treintena de normalistas egresados de distintas universidades protestaron y bloquearon la calle Juan de la Luz Enr\u00edquez para exigir a la Secretar\u00eda de Educaci\u00f3n de Veracruz (SEV) la asignaci\u00f3n de plazas docentes.<\/p>\n\n\n\n<p>Los inconformes han protestado en m\u00e1s de tres ocasiones, desde el a\u00f1o pasado, debido a que la pandemia del SARS- COV-2 (COVID-19) obstaculiz\u00f3 el proceso para la asignaci\u00f3n de plazas.<\/p>\n\n\n\n<p>Se trata de licenciados en Educaci\u00f3n Preescolar, Educaci\u00f3n Especial, Educaci\u00f3n F\u00edsica y Educaci\u00f3n Telesecundaria que cumplieron con la entrega de documentos para acceder a evaluaci\u00f3n y a un espacio de trabajo.<\/p>\n\n\n\n<p>De acuerdo con Mart\u00edn Mendoza, egresado de la licenciatura en Educaci\u00f3n F\u00edsica de la Benem\u00e9rita Escuela Normal Veracruzana (BENV) \u201cEnrique C. Rebsamen\u201d, solo ha sido otorgada una plaza docente cuando hay m\u00e1s de 500 profesores solo en la primera lista de espera de su carrera.<\/p>\n\n\n\n<p>\u201cNo hemos sido llamados, nosotros somos maestros preparados, hicimos una evaluaci\u00f3n el a\u00f1o pasado a trav\u00e9s de documentaci\u00f3n, todav\u00eda queda un examen pendiente pero somos maestros preparados y por se dividieron en dos listas, nosotros somos de la primera lista\u201d.<\/p>\n\n\n\n<p>Adem\u00e1s, detall\u00f3 que s\u00f3lo fueron llamados seis maestros de Educaci\u00f3n Especial por autoridades educativas para incorporarse a un puesto laboral.<\/p>\n","protected":false},"excerpt":{"rendered":"<p>Juan Arcos Xalapa, Ver.- Una treintena de normalistas egresados de distintas universidades protestaron y bloquearon la calle Juan de la Luz Enr\u00edquez para exigir a la Secretar\u00eda de Educaci\u00f3n de Veracruz (SEV) la asignaci\u00f3n de plazas docentes. Los inconformes han protestado en m\u00e1s de tres ocasiones, desde el a\u00f1o pasado, debido a que la pandemia [&hellip;]<\/p>\n","protected":false},"author":1,"featured_media":10740,"comment_status":"open","ping_status":"open","sticky":false,"template":"","format":"standard","meta":{"_jetpack_memberships_contains_paid_content":false,"footnotes":""},"categories":[3],"tags":[],"class_list":["post-10739","post","type-post","status-publish","format-standard","has-post-thumbnail","hentry","category-xalapa"],"jetpack_featured_media_url":"https:\/\/encuentroinformativo.com.mx\/wp-content\/uploads\/2021\/02\/6006AE16-7D15-41C6-A9B3-B00ED9CE143B.jpeg","jetpack_sharing_enabled":true,"jetpack_likes_enabled":true,"amp_enabled":true,"_links":{"self":[{"href":"https:\/\/encuentroinformativo.com.mx\/index.php?rest_route=\/wp\/v2\/posts\/10739","targetHints":{"allow":["GET"]}}],"collection":[{"href":"https:\/\/encuentroinformativo.com.mx\/index.php?rest_route=\/wp\/v2\/posts"}],"about":[{"href":"https:\/\/encuentroinformativo.com.mx\/index.php?rest_route=\/wp\/v2\/types\/post"}],"author":[{"embeddable":true,"href":"https:\/\/encuentroinformativo.com.mx\/index.php?rest_route=\/wp\/v2\/users\/1"}],"replies":[{"embeddable":true,"href":"https:\/\/encuentroinformativo.com.mx\/index.php?rest_route=%2Fwp%2Fv2%2Fcomments&post=10739"}],"version-history":[{"count":1,"href":"https:\/\/encuentroinformativo.com.mx\/index.php?rest_route=\/wp\/v2\/posts\/10739\/revisions"}],"predecessor-version":[{"id":10741,"href":"https:\/\/encuentroinformativo.com.mx\/index.php?rest_route=\/wp\/v2\/posts\/10739\/revisions\/10741"}],"wp:featuredmedia":[{"embeddable":true,"href":"https:\/\/encuentroinformativo.com.mx\/index.php?rest_route=\/wp\/v2\/media\/10740"}],"wp:attachment":[{"href":"https:\/\/encuentroinformativo.com.mx\/index.php?rest_route=%2Fwp%2Fv2%2Fmedia&parent=10739"}],"wp:term":[{"taxonomy":"category","embeddable":true,"href":"https:\/\/encuentroinformativo.com.mx\/index.php?rest_route=%2Fwp%2Fv2%2Fcategories&post=10739"},{"taxonomy":"post_tag","embeddable":true,"href":"https:\/\/encuentroinformativo.com.mx\/index.php?rest_route=%2Fwp%2Fv2%2Ftags&post=10739"}],"curies":[{"name":"wp","href":"https:\/\/api.w.org\/{rel}","templated":true}]}}