{"id":10742,"date":"2021-02-03T13:44:43","date_gmt":"2021-02-03T19:44:43","guid":{"rendered":"https:\/\/encuentroinformativo.com.mx\/?p=10742"},"modified":"2021-02-03T13:54:22","modified_gmt":"2021-02-03T19:54:22","slug":"aspirantes-independientes-piden-mas-tiempo-para-reunir-firmas","status":"publish","type":"post","link":"https:\/\/encuentroinformativo.com.mx\/?p=10742","title":{"rendered":"Aspirantes independientes piden m\u00e1s tiempo para reunir firmas"},"content":{"rendered":"\n<p><strong>Juan Arcos <\/strong><\/p>\n\n\n\n<p>Xalapa, Ver.- Un peque\u00f1o grupo de aspirantes a candidaturas independientes protest\u00f3 afuera del Organismo P\u00fablico Local Electoral (OPLE) para exigir la ampliaci\u00f3n del plazo que les permita recabar firmas y obtener las candidaturas.<\/p>\n\n\n\n<p>De acuerdo con Oliver Olmos Cabrera, aspirante a la alcald\u00eda de Veracruz por la v\u00eda independiente, en el estado de Puebla se logr\u00f3 obtener 12 d\u00edas m\u00e1s para recaudar las firmas que exigen los \u00f3rganos electorales.<\/p>\n\n\n\n<p>El entrevistado detall\u00f3 que la pandemia del SARS-COV-2 (COVID-19) ha dificultado el proceso para cumplir los requisitos correspondientes.<\/p>\n\n\n\n<p>\u201cSe est\u00e1n violando los principios de legalidad y certeza jur\u00eddica de cada uno de los candidatos independientes. Estamos esperando que el \u00f3rgano electoral defina una estrategia con respecto a la pandemia y con respecto al riesgo que tienen nuestros captadores y nuestra gente se est\u00e1 apoy\u00e1ndonos en la recolecci\u00f3n de firmas\u201d.<\/p>\n\n\n\n<p>El entrevistado detall\u00f3 que la gente se niega a aportar su firma y fotograf\u00eda para el registro correspondiente por temor a contagiarse de coronavirus.<\/p>\n\n\n\n<p>Los quejosos entregaron un pliego petitorio al OPLE y no descartaron la posibilidad de tomar las instalaciones para que sean atendidas sus demandas.<\/p>\n","protected":false},"excerpt":{"rendered":"<p>Juan Arcos Xalapa, Ver.- Un peque\u00f1o grupo de aspirantes a candidaturas independientes protest\u00f3 afuera del Organismo P\u00fablico Local Electoral (OPLE) para exigir la ampliaci\u00f3n del plazo que les permita recabar firmas y obtener las candidaturas. De acuerdo con Oliver Olmos Cabrera, aspirante a la alcald\u00eda de Veracruz por la v\u00eda independiente, en el estado de [&hellip;]<\/p>\n","protected":false},"author":1,"featured_media":10745,"comment_status":"open","ping_status":"open","sticky":false,"template":"","format":"standard","meta":{"_jetpack_memberships_contains_paid_content":false,"footnotes":""},"categories":[3],"tags":[],"class_list":["post-10742","post","type-post","status-publish","format-standard","has-post-thumbnail","hentry","category-xalapa"],"jetpack_featured_media_url":"https:\/\/encuentroinformativo.com.mx\/wp-content\/uploads\/2021\/02\/2A1CFECF-148D-4CDE-B78E-4A366EAC89BB.jpeg","jetpack_sharing_enabled":true,"jetpack_likes_enabled":true,"amp_enabled":true,"_links":{"self":[{"href":"https:\/\/encuentroinformativo.com.mx\/index.php?rest_route=\/wp\/v2\/posts\/10742","targetHints":{"allow":["GET"]}}],"collection":[{"href":"https:\/\/encuentroinformativo.com.mx\/index.php?rest_route=\/wp\/v2\/posts"}],"about":[{"href":"https:\/\/encuentroinformativo.com.mx\/index.php?rest_route=\/wp\/v2\/types\/post"}],"author":[{"embeddable":true,"href":"https:\/\/encuentroinformativo.com.mx\/index.php?rest_route=\/wp\/v2\/users\/1"}],"replies":[{"embeddable":true,"href":"https:\/\/encuentroinformativo.com.mx\/index.php?rest_route=%2Fwp%2Fv2%2Fcomments&post=10742"}],"version-history":[{"count":1,"href":"https:\/\/encuentroinformativo.com.mx\/index.php?rest_route=\/wp\/v2\/posts\/10742\/revisions"}],"predecessor-version":[{"id":10744,"href":"https:\/\/encuentroinformativo.com.mx\/index.php?rest_route=\/wp\/v2\/posts\/10742\/revisions\/10744"}],"wp:featuredmedia":[{"embeddable":true,"href":"https:\/\/encuentroinformativo.com.mx\/index.php?rest_route=\/wp\/v2\/media\/10745"}],"wp:attachment":[{"href":"https:\/\/encuentroinformativo.com.mx\/index.php?rest_route=%2Fwp%2Fv2%2Fmedia&parent=10742"}],"wp:term":[{"taxonomy":"category","embeddable":true,"href":"https:\/\/encuentroinformativo.com.mx\/index.php?rest_route=%2Fwp%2Fv2%2Fcategories&post=10742"},{"taxonomy":"post_tag","embeddable":true,"href":"https:\/\/encuentroinformativo.com.mx\/index.php?rest_route=%2Fwp%2Fv2%2Ftags&post=10742"}],"curies":[{"name":"wp","href":"https:\/\/api.w.org\/{rel}","templated":true}]}}