{"id":10750,"date":"2021-02-03T14:17:48","date_gmt":"2021-02-03T20:17:48","guid":{"rendered":"https:\/\/encuentroinformativo.com.mx\/?p=10750"},"modified":"2021-02-03T14:17:51","modified_gmt":"2021-02-03T20:17:51","slug":"ante-conflictos-propondran-delegado-de-morena-para-veracruz","status":"publish","type":"post","link":"https:\/\/encuentroinformativo.com.mx\/?p=10750","title":{"rendered":"Ante conflictos, propondr\u00e1n delegado de Morena para Veracruz"},"content":{"rendered":"\n<p><strong>Dar\u00edo Pale <\/strong><\/p>\n\n\n\n<p>Xalapa, Ver.- Ante el conflicto entre el secretario general del partido Movimiento de Regeneraci\u00f3n Nacional (MORENA) en Veracruz, Gonzalo Vicencio Flores y Esteban Ram\u00edrez Zepeta tras el registro de intenci\u00f3n de la alianza Juntos Haremos Historia en Veracruz, el\u00a0delegado nacional de Morena, Oscar Cant\u00f3n, adelant\u00f3 que propondr\u00e1n que haya un delegado estatal que asuma las las funciones de presidente del Comit\u00e9 Estatal de Morena, porque est\u00e1 ac\u00e9falo.<\/p>\n\n\n\n<p>En conferencia de prensa en conocido hotel dijo que de igual forma ser\u00e1 la Comisi\u00f3n Nacional de Elecciones la que designe los candidatos y de no haber acuerdos, ser\u00e1 a trav\u00e9s de encuestas,\u00a0&#8220;si hay una posibilidad de llegar a una candidatura de concenso, lo har\u00e1n. Se va a intentar platicar con todos los aspirantes y si no, algo muy sencillo, se va a ir a una encuesta.Todav\u00eda no ha entrado en acci\u00f3n la Comisi\u00f3n Nacional de Elecciones, que tiene muy claro su papel: se inscribe, se registran y en un primer filtro ser\u00e1 quienes cubren los requisitos legales, normativos. El segundo filtro depender\u00e1 de ver qui\u00e9nes quedan ya de sus derechos absolutamente respetados&#8221;.<\/p>\n\n\n\n<p>Junto con los dirigentes estatales del Partido Verde y del Partido del Trabajo, Marcelo Ruiz S\u00e1nchez y Vicente Aguilar Aguilar, respectivamente; record\u00f3 que los dem\u00e1s cargos, incluyendo el de secretario general est\u00e1n vigentes, por lo que no se cambiar\u00eda nada de la estructura ni habr\u00e1 otra renovaci\u00f3n en el Comit\u00e9, es\u00a0decir, Gonzalo Vicencio Flores seguir\u00eda de secretario general, tal como est\u00e1 reconocido.<\/p>\n\n\n\n<p>Insisti\u00f3 tambi\u00e9n en que no permitir\u00e1n que haya intereses personales o de grupos por encima del partido y de la Cuarta Transformaci\u00f3n,\u00a0&#8220;donde no hay un acuerdo se va a ir a una encuesta y deber\u00e1 respetarse quien salga triunfador&#8221;.<\/p>\n\n\n\n<p>Oscar Cant\u00f3n reconoci\u00f3 que si hablan de imposiciones, quieren saber de qu\u00e9 est\u00e1n hablando, toda vez que todav\u00eda no hay registros,\u00a0&#8220;Morena tiene procedimientos democr\u00e1ticos muy arraigados entre su militancia y que tambi\u00e9n ha permitido que simpatizantes puedan confiar mucho y por eso se est\u00e1n adhiriendo mucho&#8221;.<\/p>\n\n\n\n<p>Dijo que su presencia es para cooperar a la unidad y a la fortaleza en Veracruz y en toda la circunscripci\u00f3n, adem\u00e1s vino a tratar de que la pol\u00edtica sea el eje de todas las decisiones en Morena.<\/p>\n\n\n\n<p>Manifest\u00f3 que las dirigencias nacionales son las que est\u00e1n facultadas para constituir los convenios de coalici\u00f3n, tal como lo hicieron para Veracruz, por lo he afirm\u00f3 que tanto Gonzalo Vicencio como Esteban Ram\u00edrez tendr\u00e1 la misma oportunidad, as\u00ed como cualquier militante de Morena.<\/p>\n\n\n\n<p>&#8220;Aqu\u00ed nadie se va a adjudicar el derecho de veto o el derecho de elegir, simplemente \u00e9sta va a ser una facultad ejercida por el Comit\u00e9 Ejecutivo Nacional, que puede, lo tienen en los dem\u00e1s estados&#8221;, finaliz\u00f3.<\/p>\n","protected":false},"excerpt":{"rendered":"<p>Dar\u00edo Pale Xalapa, Ver.- Ante el conflicto entre el secretario general del partido Movimiento de Regeneraci\u00f3n Nacional (MORENA) en Veracruz, Gonzalo Vicencio Flores y Esteban Ram\u00edrez Zepeta tras el registro de intenci\u00f3n de la alianza Juntos Haremos Historia en Veracruz, el\u00a0delegado nacional de Morena, Oscar Cant\u00f3n, adelant\u00f3 que propondr\u00e1n que haya un delegado estatal que [&hellip;]<\/p>\n","protected":false},"author":1,"featured_media":10751,"comment_status":"open","ping_status":"open","sticky":false,"template":"","format":"standard","meta":{"_jetpack_memberships_contains_paid_content":false,"footnotes":""},"categories":[2],"tags":[],"class_list":["post-10750","post","type-post","status-publish","format-standard","has-post-thumbnail","hentry","category-estado"],"jetpack_featured_media_url":"https:\/\/encuentroinformativo.com.mx\/wp-content\/uploads\/2021\/02\/B7D4CBD4-D4E0-4855-8407-D1FAE16C1DAC.jpeg","jetpack_sharing_enabled":true,"jetpack_likes_enabled":true,"amp_enabled":true,"_links":{"self":[{"href":"https:\/\/encuentroinformativo.com.mx\/index.php?rest_route=\/wp\/v2\/posts\/10750","targetHints":{"allow":["GET"]}}],"collection":[{"href":"https:\/\/encuentroinformativo.com.mx\/index.php?rest_route=\/wp\/v2\/posts"}],"about":[{"href":"https:\/\/encuentroinformativo.com.mx\/index.php?rest_route=\/wp\/v2\/types\/post"}],"author":[{"embeddable":true,"href":"https:\/\/encuentroinformativo.com.mx\/index.php?rest_route=\/wp\/v2\/users\/1"}],"replies":[{"embeddable":true,"href":"https:\/\/encuentroinformativo.com.mx\/index.php?rest_route=%2Fwp%2Fv2%2Fcomments&post=10750"}],"version-history":[{"count":1,"href":"https:\/\/encuentroinformativo.com.mx\/index.php?rest_route=\/wp\/v2\/posts\/10750\/revisions"}],"predecessor-version":[{"id":10752,"href":"https:\/\/encuentroinformativo.com.mx\/index.php?rest_route=\/wp\/v2\/posts\/10750\/revisions\/10752"}],"wp:featuredmedia":[{"embeddable":true,"href":"https:\/\/encuentroinformativo.com.mx\/index.php?rest_route=\/wp\/v2\/media\/10751"}],"wp:attachment":[{"href":"https:\/\/encuentroinformativo.com.mx\/index.php?rest_route=%2Fwp%2Fv2%2Fmedia&parent=10750"}],"wp:term":[{"taxonomy":"category","embeddable":true,"href":"https:\/\/encuentroinformativo.com.mx\/index.php?rest_route=%2Fwp%2Fv2%2Fcategories&post=10750"},{"taxonomy":"post_tag","embeddable":true,"href":"https:\/\/encuentroinformativo.com.mx\/index.php?rest_route=%2Fwp%2Fv2%2Ftags&post=10750"}],"curies":[{"name":"wp","href":"https:\/\/api.w.org\/{rel}","templated":true}]}}