{"id":10753,"date":"2021-02-03T14:21:17","date_gmt":"2021-02-03T20:21:17","guid":{"rendered":"https:\/\/encuentroinformativo.com.mx\/?p=10753"},"modified":"2021-02-03T14:21:48","modified_gmt":"2021-02-03T20:21:48","slug":"ayuntamiento-de-veracruz-no-recuperara-300-mdp-de-sedatu","status":"publish","type":"post","link":"https:\/\/encuentroinformativo.com.mx\/?p=10753","title":{"rendered":"Ayuntamiento de Veracruz no recuperar\u00e1 300 mdp de SEDATU"},"content":{"rendered":"\n<p><strong>Alejandro \u00c1vila<\/strong><\/p>\n\n\n\n<p>Veracruz, Ver.- Para este 2021, el Ayuntamiento de Veracruz, dif\u00edcilmente podr\u00e1 recibir los 300 millones restantes del proyecto que ten\u00eda la Secretar\u00eda de Desarrollo Agrario, Territorial y Urbano (SEDATU) en la ciudad, donde se pretend\u00edan mejorar 18 pol\u00edgonos de marginaci\u00f3n.<\/p>\n\n\n\n<p>A principios de 2020, el gobernador Cuitl\u00e1huac Garc\u00eda Jim\u00e9nez, anunci\u00f3 con &#8220;bombo y platillo&#8221; la inversi\u00f3n federal en los municipios de Veracruz y Coatzacoalcos, por 1 110 millones de pesos.<\/p>\n\n\n\n<p>Finalmente, la SEDATU anunci\u00f3 semanas m\u00e1s tarde, que hubo un recorte al plan inicial, por lo que de los 500 millones de pesos que le correspond\u00edan al municipio de Veracruz, solo ser\u00edan ejecutados 200 para cubrir unicamente 7 pol\u00edgonos de marginaci\u00f3n en la ciudad.<\/p>\n\n\n\n<p>A diferencia de otras dependencias de gobierno, con la Secretar\u00eda de Desarrollo Agrario, Territorial y Urbano (SEDATU) que encabeza Rom\u00e1n Meyer Falc\u00f3n, la relaci\u00f3n es bastante buena, reconoci\u00f3 el alcalde de Veracruz, Fernando Yunes M\u00e1rquez; pero aclar\u00f3 que la pandemia y otras circunstancias, impedir\u00e1n recuperar el monto previamente recortado.<\/p>\n\n\n\n<p>&#8220;No solo no es mala, es buena, la verdad que bastante buena la coordinaci\u00f3n con la gente de SEDATU, tanto los que est\u00e1n aqu\u00ed como a nivel federal, fue un tema presupuestal en general del Gobierno Federal, no fue un tanto tema de SEDATU a SEDATU le recortaron este programa y tuvieron que hacer el recorte, no nos han dado noticias de si se va a poder ampliar, ojal\u00e1 que s\u00ed, pero entiendo que depende mucho de como econ\u00f3micamente pueda ir pasando este a\u00f1o&#8221;, resalt\u00f3 Yunes M\u00e1rquez.<\/p>\n\n\n\n<p>En otro tema y para culminar, dijo que el Plan General de Inversi\u00f3n 2021 ser\u00e1 presentado a m\u00e1s tardar el 20 de febrero.<\/p>\n\n\n\n<p>&#8220;Estamos en eso, yo lo quiero presentar m\u00e1s o menos el 15 &#8211; 20 de febrero; es decir, ya en unos 12 d\u00edas, pero estamos en los \u00faltimos detalles&#8221;, remat\u00f3.<\/p>\n","protected":false},"excerpt":{"rendered":"<p>Alejandro \u00c1vila Veracruz, Ver.- Para este 2021, el Ayuntamiento de Veracruz, dif\u00edcilmente podr\u00e1 recibir los 300 millones restantes del proyecto que ten\u00eda la Secretar\u00eda de Desarrollo Agrario, Territorial y Urbano (SEDATU) en la ciudad, donde se pretend\u00edan mejorar 18 pol\u00edgonos de marginaci\u00f3n. A principios de 2020, el gobernador Cuitl\u00e1huac Garc\u00eda Jim\u00e9nez, anunci\u00f3 con &#8220;bombo y [&hellip;]<\/p>\n","protected":false},"author":1,"featured_media":10754,"comment_status":"open","ping_status":"open","sticky":false,"template":"","format":"standard","meta":{"_jetpack_memberships_contains_paid_content":false,"footnotes":""},"categories":[2],"tags":[],"class_list":["post-10753","post","type-post","status-publish","format-standard","has-post-thumbnail","hentry","category-estado"],"jetpack_featured_media_url":"https:\/\/encuentroinformativo.com.mx\/wp-content\/uploads\/2021\/02\/C2FB9020-9D25-4DF8-94CA-714FF44EBD1A.jpeg","jetpack_sharing_enabled":true,"jetpack_likes_enabled":true,"amp_enabled":true,"_links":{"self":[{"href":"https:\/\/encuentroinformativo.com.mx\/index.php?rest_route=\/wp\/v2\/posts\/10753","targetHints":{"allow":["GET"]}}],"collection":[{"href":"https:\/\/encuentroinformativo.com.mx\/index.php?rest_route=\/wp\/v2\/posts"}],"about":[{"href":"https:\/\/encuentroinformativo.com.mx\/index.php?rest_route=\/wp\/v2\/types\/post"}],"author":[{"embeddable":true,"href":"https:\/\/encuentroinformativo.com.mx\/index.php?rest_route=\/wp\/v2\/users\/1"}],"replies":[{"embeddable":true,"href":"https:\/\/encuentroinformativo.com.mx\/index.php?rest_route=%2Fwp%2Fv2%2Fcomments&post=10753"}],"version-history":[{"count":1,"href":"https:\/\/encuentroinformativo.com.mx\/index.php?rest_route=\/wp\/v2\/posts\/10753\/revisions"}],"predecessor-version":[{"id":10755,"href":"https:\/\/encuentroinformativo.com.mx\/index.php?rest_route=\/wp\/v2\/posts\/10753\/revisions\/10755"}],"wp:featuredmedia":[{"embeddable":true,"href":"https:\/\/encuentroinformativo.com.mx\/index.php?rest_route=\/wp\/v2\/media\/10754"}],"wp:attachment":[{"href":"https:\/\/encuentroinformativo.com.mx\/index.php?rest_route=%2Fwp%2Fv2%2Fmedia&parent=10753"}],"wp:term":[{"taxonomy":"category","embeddable":true,"href":"https:\/\/encuentroinformativo.com.mx\/index.php?rest_route=%2Fwp%2Fv2%2Fcategories&post=10753"},{"taxonomy":"post_tag","embeddable":true,"href":"https:\/\/encuentroinformativo.com.mx\/index.php?rest_route=%2Fwp%2Fv2%2Ftags&post=10753"}],"curies":[{"name":"wp","href":"https:\/\/api.w.org\/{rel}","templated":true}]}}