{"id":10772,"date":"2021-02-03T18:42:56","date_gmt":"2021-02-04T00:42:56","guid":{"rendered":"https:\/\/encuentroinformativo.com.mx\/?p=10772"},"modified":"2021-02-03T18:42:59","modified_gmt":"2021-02-04T00:42:59","slug":"morenos-rechazan-al-verde-en-medellin","status":"publish","type":"post","link":"https:\/\/encuentroinformativo.com.mx\/?p=10772","title":{"rendered":"Morenos rechazan al Verde en Medell\u00edn"},"content":{"rendered":"\n<p><strong>Alejandro \u00c1vila<\/strong><\/p>\n\n\n\n<p>Veracruz, Ver.- Militantes del partido Movimiento de Regeneraci\u00f3n Nacional del municipio de Medell\u00edn de Bravo, viajaron a la Ciudad de M\u00e9xico, a la sede nacional de MORENA, para solicitar a su presidente, Mario Delgado, que de por culminada la alianza con el Partido Verde Ecologista de M\u00e9xico, al menos en sus zona.<\/p>\n\n\n\n<p>Enrique Trejo, militante fundador, dijo que desde su creaci\u00f3n como instituto pol\u00edtico, ellos han luchado, precisamente por las incongruencias que existen en la vida pol\u00edtica del pa\u00eds, y esta es una de ellas.<\/p>\n\n\n\n<p>Apuntan que los est\u00e1ndares de votaci\u00f3n que tiene el Partido Verde Ecologista de M\u00e9xico son muy bajos, pero sobre todo, asegur\u00f3 que MORENA puede caminar solo, ya que cuenta con una gran aprobaci\u00f3n del pueblo.<\/p>\n\n\n\n<p>Por si fuera poco, acusa que el presunto candidato, Marcos Isle\u00f1o Andrade, militante del PVEM, cuenta con una largo historial que nos les favorece, ya que se le vincula a Javier Duarte y adem\u00e1s, cuenta con denuncias de violencia contra las mujeres.<\/p>\n\n\n\n<p>\u201cY la incongruencia data en los personajes que se han cobijado en el Partido Verde para que sean el apoyo de la militancia de MORENA quienes los lleve al triunfo. MORENA no necesita en este momento de actores con antecedentes nefastos, con actos de corrupci\u00f3n comprobada, con actos de agresi\u00f3n a la mujer, para que podamos compartir con ellos una lucha que para nada refleja los principios y los ideales de MORENA\u201d, remat\u00f3.<\/p>\n\n\n\n<p>\ufffcLibre de virus.&nbsp;www.avg.com<\/p>\n","protected":false},"excerpt":{"rendered":"<p>Alejandro \u00c1vila Veracruz, Ver.- Militantes del partido Movimiento de Regeneraci\u00f3n Nacional del municipio de Medell\u00edn de Bravo, viajaron a la Ciudad de M\u00e9xico, a la sede nacional de MORENA, para solicitar a su presidente, Mario Delgado, que de por culminada la alianza con el Partido Verde Ecologista de M\u00e9xico, al menos en sus zona. Enrique [&hellip;]<\/p>\n","protected":false},"author":1,"featured_media":10773,"comment_status":"open","ping_status":"open","sticky":false,"template":"","format":"standard","meta":{"_jetpack_memberships_contains_paid_content":false,"footnotes":""},"categories":[2],"tags":[],"class_list":["post-10772","post","type-post","status-publish","format-standard","has-post-thumbnail","hentry","category-estado"],"jetpack_featured_media_url":"https:\/\/encuentroinformativo.com.mx\/wp-content\/uploads\/2021\/02\/E0B3F315-BE30-421D-BBF4-225876F06F30.jpeg","jetpack_sharing_enabled":true,"jetpack_likes_enabled":true,"amp_enabled":true,"_links":{"self":[{"href":"https:\/\/encuentroinformativo.com.mx\/index.php?rest_route=\/wp\/v2\/posts\/10772","targetHints":{"allow":["GET"]}}],"collection":[{"href":"https:\/\/encuentroinformativo.com.mx\/index.php?rest_route=\/wp\/v2\/posts"}],"about":[{"href":"https:\/\/encuentroinformativo.com.mx\/index.php?rest_route=\/wp\/v2\/types\/post"}],"author":[{"embeddable":true,"href":"https:\/\/encuentroinformativo.com.mx\/index.php?rest_route=\/wp\/v2\/users\/1"}],"replies":[{"embeddable":true,"href":"https:\/\/encuentroinformativo.com.mx\/index.php?rest_route=%2Fwp%2Fv2%2Fcomments&post=10772"}],"version-history":[{"count":1,"href":"https:\/\/encuentroinformativo.com.mx\/index.php?rest_route=\/wp\/v2\/posts\/10772\/revisions"}],"predecessor-version":[{"id":10774,"href":"https:\/\/encuentroinformativo.com.mx\/index.php?rest_route=\/wp\/v2\/posts\/10772\/revisions\/10774"}],"wp:featuredmedia":[{"embeddable":true,"href":"https:\/\/encuentroinformativo.com.mx\/index.php?rest_route=\/wp\/v2\/media\/10773"}],"wp:attachment":[{"href":"https:\/\/encuentroinformativo.com.mx\/index.php?rest_route=%2Fwp%2Fv2%2Fmedia&parent=10772"}],"wp:term":[{"taxonomy":"category","embeddable":true,"href":"https:\/\/encuentroinformativo.com.mx\/index.php?rest_route=%2Fwp%2Fv2%2Fcategories&post=10772"},{"taxonomy":"post_tag","embeddable":true,"href":"https:\/\/encuentroinformativo.com.mx\/index.php?rest_route=%2Fwp%2Fv2%2Ftags&post=10772"}],"curies":[{"name":"wp","href":"https:\/\/api.w.org\/{rel}","templated":true}]}}