{"id":10793,"date":"2021-02-04T12:34:59","date_gmt":"2021-02-04T18:34:59","guid":{"rendered":"https:\/\/encuentroinformativo.com.mx\/?p=10793"},"modified":"2021-02-04T12:35:02","modified_gmt":"2021-02-04T18:35:02","slug":"en-la-alianza-pt-definira-candidato-en-coatepec","status":"publish","type":"post","link":"https:\/\/encuentroinformativo.com.mx\/?p=10793","title":{"rendered":"En la alianza, PT definir\u00e1 candidato en Coatepec"},"content":{"rendered":"\n<p><strong>Juan Arcos <\/strong><\/p>\n\n\n\n<p>Xalapa, Ver.- El Partido del Trabajo (PT) elegir\u00e1 al candidato a la diputaci\u00f3n por el distrito local n\u00famero 12, con cabecera municipal en Coatepec, como parte de alianza electoral con el Movimiento de Regeneraci\u00f3n Nacional (Morena) y el Partido Verde Ecologista de M\u00e9xico (PVEM).<\/p>\n\n\n\n<p>As\u00ed lo dio a conocer el coordinador del PT en Coatepec, Juan Pablo \u00c1lvarez Delong, quien adem\u00e1s confirm\u00f3 que desde unas semanas se termin\u00f3 de integrar la coalici\u00f3n \u201cJuntos haremos historia en Veracruz\u201d.<\/p>\n\n\n\n<p>\u201cEn esta alianza se definieron c\u00f3mo se van a repartir los distritos y los municipios. Se sigue definiendo pero los distritos ya quedaron definidos y aqu\u00ed en Coatepec, en este distrito 12 va a decidir el Partido del Trabajo, ya es un tema formalizado. Es un hecho pr\u00e1cticamente hist\u00f3rico porque es la primera vez que el Partido del Trabajo decidir\u00eda directamente al candidato en esta alianza que viene\u201d.<\/p>\n\n\n\n<p>Cabe mencionar que la pr\u00f3xima semana podr\u00eda conocerse el nombre de quien encabece la candidatura en dicho distrito que comprende diez municipios, entre ellos Coatepec, Xico, Ixhuac\u00e1n de los Reyes, Cosautl\u00e1n, Banderilla, Teocelo, San Andr\u00e9s Tlalnelhuayocan y Acajete.<\/p>\n\n\n\n<p>El entrevistado mencion\u00f3 que m\u00e1s adelante los tres partidos de la alianza definir\u00e1n si van juntos en la elecci\u00f3n renovar la alcald\u00eda de Coatepec.<\/p>\n\n\n\n<p>\u201cSe est\u00e1 definiendo qui\u00e9n decide, se est\u00e1n afinando detalles, yo creo que no deben tardar mucho porque ya est\u00e1n los tiempos encima\u201d.\u00a0<\/p>\n\n\n\n<p>\u00c1lvarez Delong detall\u00f3 que dicho organismo pol\u00edtico est\u00e1 laborando en la afiliaci\u00f3n de personas, un proceso que a\u00fan est\u00e1 vigente con base en los lineamientos del Organismo P\u00fablico Local Electoral (OPLE).&nbsp;<\/p>\n\n\n\n<p>\u201cTodav\u00eda se est\u00e1n afinando unos detalles para que quede formalizada ante las instituciones adecuadas y nosotros por parte del Partido del Trabajo, por parte de la organizaci\u00f3n, estamos trabajando y caminando todo el distrito, comenzando por Coatepec y y\u00e9ndonos hasta Acajete, Banderilla\u201d, remat\u00f3.<\/p>\n","protected":false},"excerpt":{"rendered":"<p>Juan Arcos Xalapa, Ver.- El Partido del Trabajo (PT) elegir\u00e1 al candidato a la diputaci\u00f3n por el distrito local n\u00famero 12, con cabecera municipal en Coatepec, como parte de alianza electoral con el Movimiento de Regeneraci\u00f3n Nacional (Morena) y el Partido Verde Ecologista de M\u00e9xico (PVEM). As\u00ed lo dio a conocer el coordinador del PT [&hellip;]<\/p>\n","protected":false},"author":1,"featured_media":10794,"comment_status":"open","ping_status":"open","sticky":false,"template":"","format":"standard","meta":{"_jetpack_memberships_contains_paid_content":false,"footnotes":""},"categories":[8],"tags":[],"class_list":["post-10793","post","type-post","status-publish","format-standard","has-post-thumbnail","hentry","category-region"],"jetpack_featured_media_url":"https:\/\/encuentroinformativo.com.mx\/wp-content\/uploads\/2021\/02\/493DEECA-4012-4297-BCD0-9E9EA18B273B.jpeg","jetpack_sharing_enabled":true,"jetpack_likes_enabled":true,"amp_enabled":true,"_links":{"self":[{"href":"https:\/\/encuentroinformativo.com.mx\/index.php?rest_route=\/wp\/v2\/posts\/10793","targetHints":{"allow":["GET"]}}],"collection":[{"href":"https:\/\/encuentroinformativo.com.mx\/index.php?rest_route=\/wp\/v2\/posts"}],"about":[{"href":"https:\/\/encuentroinformativo.com.mx\/index.php?rest_route=\/wp\/v2\/types\/post"}],"author":[{"embeddable":true,"href":"https:\/\/encuentroinformativo.com.mx\/index.php?rest_route=\/wp\/v2\/users\/1"}],"replies":[{"embeddable":true,"href":"https:\/\/encuentroinformativo.com.mx\/index.php?rest_route=%2Fwp%2Fv2%2Fcomments&post=10793"}],"version-history":[{"count":1,"href":"https:\/\/encuentroinformativo.com.mx\/index.php?rest_route=\/wp\/v2\/posts\/10793\/revisions"}],"predecessor-version":[{"id":10795,"href":"https:\/\/encuentroinformativo.com.mx\/index.php?rest_route=\/wp\/v2\/posts\/10793\/revisions\/10795"}],"wp:featuredmedia":[{"embeddable":true,"href":"https:\/\/encuentroinformativo.com.mx\/index.php?rest_route=\/wp\/v2\/media\/10794"}],"wp:attachment":[{"href":"https:\/\/encuentroinformativo.com.mx\/index.php?rest_route=%2Fwp%2Fv2%2Fmedia&parent=10793"}],"wp:term":[{"taxonomy":"category","embeddable":true,"href":"https:\/\/encuentroinformativo.com.mx\/index.php?rest_route=%2Fwp%2Fv2%2Fcategories&post=10793"},{"taxonomy":"post_tag","embeddable":true,"href":"https:\/\/encuentroinformativo.com.mx\/index.php?rest_route=%2Fwp%2Fv2%2Ftags&post=10793"}],"curies":[{"name":"wp","href":"https:\/\/api.w.org\/{rel}","templated":true}]}}