{"id":10796,"date":"2021-02-04T13:16:01","date_gmt":"2021-02-04T19:16:01","guid":{"rendered":"https:\/\/encuentroinformativo.com.mx\/?p=10796"},"modified":"2021-02-04T13:16:04","modified_gmt":"2021-02-04T19:16:04","slug":"aumenta-rechazo-a-dirigentes-de-morena","status":"publish","type":"post","link":"https:\/\/encuentroinformativo.com.mx\/?p=10796","title":{"rendered":"Aumenta rechazo a dirigentes de Morena"},"content":{"rendered":"\n<p><strong>Dar\u00edo Pale <\/strong><\/p>\n\n\n\n<p>Xalapa, Ver.- Desconocieron a Gonzalo Vicencio Flores como secretario general con funciones de presidente del Partido en Veracruz y descalificaron la manifestaci\u00f3n llevada a cabo este mi\u00e9rcoles en la Ciudad de M\u00e9xico, as\u00ed lo se\u00f1alaron los\u00a0representantes ante el Organismo P\u00fablico Local Electoral (OPLE) y ante el Instituto Nacional Electoral (INE), de Morena, David Jim\u00e9nez y Gabriel Z\u00fa\u00f1iga, respectivamente.<\/p>\n\n\n\n<p>En conferencia de prensa realizada en conocido caf\u00e9 del centro de Xalapa, David Jim\u00e9nez, representante ante el OPLE, se\u00f1al\u00f3 que &#8220;este gobierno ha sido respetuoso de todas las expresiones pol\u00edticas y de todos los actores pol\u00edticos, nosotros venimos de un movimiento, Morena nace de una lucha social, todos los que formamos parte de este movimiento fuimos perseguidos por gobiernos pri\u00edstas, panistas, fuimos v\u00edctimas de fraudes electorales&#8221;.<\/p>\n\n\n\n<p>Adem\u00e1s, Gabriel Z\u00fa\u00f1iga acus\u00f3 a Gonzalo Vicencio de autotomar y autosecuestrar las instalaciones del partido, porque hizo cambio de chapas, candados, porque al final del d\u00eda ah\u00ed despacha.<\/p>\n\n\n\n<p>David Jim\u00e9nez neg\u00f3 que todo esto de la imagen hacia el exterior de que no haya unidad, porque todos est\u00e1n caminando, est\u00e1n organizados y cerrando filas, definieron a Esteban Ram\u00edrez como un liderazgo &#8220;distinguido&#8221; y que sin \u00e9l, la alianza habr\u00eda tenido m\u00e1s tropiezos.<\/p>\n\n\n\n<p>El representante ante el INE admiti\u00f3 que no tienen idea de cu\u00e1ntos militantes tiene el Morena en Veracruz,\u00a0&#8220;recuerden que nuestro padr\u00f3n no es confiable porque esa falta de certeza es la que nos lleva en el 2018 a anular todo el proceso interno. En este momento le puedo decir que hay tres padrones en Morena, entonces cu\u00e1ntos militantes habemos, no lo sabemos&#8221;.<\/p>\n\n\n\n<p>Aunque presumi\u00f3 un arraigo popular, un arraigo entre los ciudadanos, &#8220;que es nuestra mejor alianza&#8221;, asimismo, insisti\u00f3 en que la alianza &#8220;Juntos haremos historia es legal&#8221; y el \u00fanico facultado para firmar el convenio de coalici\u00f3n es el presidente Mario Delgado y la secretaria general.<\/p>\n\n\n\n<p>Gabriel Z\u00fa\u00f1iga reiter\u00f3 que la presidencia estatal est\u00e1 ac\u00e9fala, lo cual fue ratificado este mi\u00e9rcoles por el delegado nacional \u00d3scar Cant\u00f3n, acept\u00f3 que hay una &#8220;discusi\u00f3n jur\u00eddica&#8221; por el nombramiento de Vicencio, pero afirm\u00f3 que el \u00f3rgano interno del Partido es el que debe reconocer la figura jur\u00eddica que ostenta.<\/p>\n\n\n\n<p>&#8220;Los \u00fanicos encargados de realizar las modificaciones estatutarias o en su caso inscribirlo como presidente son el presidente del Comit\u00e9 Ejecutivo Nacional o la representaci\u00f3n de Morena ante el INE en M\u00e9xico&#8221;, afirm\u00f3.<\/p>\n\n\n\n<p>Expres\u00f3 que dif\u00edcilmente Gonzalo Vicencio podr\u00eda impugnar la coalici\u00f3n que se firm\u00f3 el pasado 28 de enero, aunque ambos representantes desconocen si ya lo llev\u00f3 a cabo.<\/p>\n\n\n\n<p>Asimismo, con relaci\u00f3n a la marcha que se llev\u00f3 a cabo en la Ciudad de M\u00e9xico ante el Comit\u00e9 Nacional, ambos representantes desconocieron a quienes se presentaron y m\u00e1s all\u00e1, los acusaron de ser &#8220;infiltrados&#8221;\u00a0 del PAN y del PRI.<\/p>\n\n\n\n<p>&#8220;Muchos compa\u00f1eros que asistieron ayer no son miembros de Morena, incluso, circularon en redes sociales fotograf\u00edas que son infiltrados del PAN, del PRI y que como nosotros, como partido nos quieren sembrar filtrados&#8221;, finaliz\u00f3.<\/p>\n","protected":false},"excerpt":{"rendered":"<p>Dar\u00edo Pale Xalapa, Ver.- Desconocieron a Gonzalo Vicencio Flores como secretario general con funciones de presidente del Partido en Veracruz y descalificaron la manifestaci\u00f3n llevada a cabo este mi\u00e9rcoles en la Ciudad de M\u00e9xico, as\u00ed lo se\u00f1alaron los\u00a0representantes ante el Organismo P\u00fablico Local Electoral (OPLE) y ante el Instituto Nacional Electoral (INE), de Morena, David [&hellip;]<\/p>\n","protected":false},"author":1,"featured_media":10797,"comment_status":"open","ping_status":"open","sticky":false,"template":"","format":"standard","meta":{"_jetpack_memberships_contains_paid_content":false,"footnotes":""},"categories":[3],"tags":[],"class_list":["post-10796","post","type-post","status-publish","format-standard","has-post-thumbnail","hentry","category-xalapa"],"jetpack_featured_media_url":"https:\/\/encuentroinformativo.com.mx\/wp-content\/uploads\/2021\/02\/2B8B0C9B-CF0D-4E92-886F-64488C418C24.jpeg","jetpack_sharing_enabled":true,"jetpack_likes_enabled":true,"amp_enabled":true,"_links":{"self":[{"href":"https:\/\/encuentroinformativo.com.mx\/index.php?rest_route=\/wp\/v2\/posts\/10796","targetHints":{"allow":["GET"]}}],"collection":[{"href":"https:\/\/encuentroinformativo.com.mx\/index.php?rest_route=\/wp\/v2\/posts"}],"about":[{"href":"https:\/\/encuentroinformativo.com.mx\/index.php?rest_route=\/wp\/v2\/types\/post"}],"author":[{"embeddable":true,"href":"https:\/\/encuentroinformativo.com.mx\/index.php?rest_route=\/wp\/v2\/users\/1"}],"replies":[{"embeddable":true,"href":"https:\/\/encuentroinformativo.com.mx\/index.php?rest_route=%2Fwp%2Fv2%2Fcomments&post=10796"}],"version-history":[{"count":1,"href":"https:\/\/encuentroinformativo.com.mx\/index.php?rest_route=\/wp\/v2\/posts\/10796\/revisions"}],"predecessor-version":[{"id":10798,"href":"https:\/\/encuentroinformativo.com.mx\/index.php?rest_route=\/wp\/v2\/posts\/10796\/revisions\/10798"}],"wp:featuredmedia":[{"embeddable":true,"href":"https:\/\/encuentroinformativo.com.mx\/index.php?rest_route=\/wp\/v2\/media\/10797"}],"wp:attachment":[{"href":"https:\/\/encuentroinformativo.com.mx\/index.php?rest_route=%2Fwp%2Fv2%2Fmedia&parent=10796"}],"wp:term":[{"taxonomy":"category","embeddable":true,"href":"https:\/\/encuentroinformativo.com.mx\/index.php?rest_route=%2Fwp%2Fv2%2Fcategories&post=10796"},{"taxonomy":"post_tag","embeddable":true,"href":"https:\/\/encuentroinformativo.com.mx\/index.php?rest_route=%2Fwp%2Fv2%2Ftags&post=10796"}],"curies":[{"name":"wp","href":"https:\/\/api.w.org\/{rel}","templated":true}]}}