{"id":108,"date":"2020-02-25T20:14:44","date_gmt":"2020-02-26T02:14:44","guid":{"rendered":"https:\/\/encuentroinformativodotcomdotmx.wordpress.com\/2020\/02\/25\/poblacion-indigena-espera-mas-espacios-para-cargos-publicos\/"},"modified":"2020-02-25T20:14:44","modified_gmt":"2020-02-26T02:14:44","slug":"poblacion-indigena-espera-mas-espacios-para-cargos-publicos","status":"publish","type":"post","link":"https:\/\/encuentroinformativo.com.mx\/?p=108","title":{"rendered":"Poblaci\u00f3n ind\u00edgena espera m\u00e1s espacios para cargos p\u00fablicos"},"content":{"rendered":"\n<figure class=\"wp-block-image size-large\"><img loading=\"lazy\" decoding=\"async\" width=\"298\" height=\"169\" src=\"https:\/\/encuentroinformativo.com.mx\/wp-content\/uploads\/2020\/02\/img_7456-1.jpg?w=298\" alt=\"\" class=\"wp-image-107\" \/><\/figure>\n\n\n\n<p><strong>Dar\u00edo Pale <\/strong><\/p>\n\n\n\n<p>Xalapa, Ver.- Jos\u00e9 Luis Flores M\u00e1rquez, asesor de la gubernatura ind\u00edgena en Veracruz, dio a conocer que existe una resoluci\u00f3n del Instituto Nacional Electoral (INE), que donde haya poblaci\u00f3n originaria mayor a 51 por ciento, en autom\u00e1tico tendr\u00e1 la representaci\u00f3n plurinominal.<\/p>\n\n\n\n<p>En entrevista se\u00f1al\u00f3 que como representantes de las comunidades ind\u00edgenas, han solicitado a los diputados que la propuesta se aborde en Tribuna \u201cque ya la aprueben, estamos en 2020 y si llega a hacerse esa propuesta y pasa como un decreto para el 2021 ya podr\u00edamos participar\u201d.<\/p>\n\n\n\n<p>Explic\u00f3 que en Chicontepec eman\u00f3 el Consejo Consultivo Ind\u00edgena que es el que tiene el presupuesto y que deber\u00eda de representar a la poblaci\u00f3n originaria en la Legislatura Local.<\/p>\n\n\n\n<p>En caso de que sea aprobado, s\u00ed podr\u00edan tener participaci\u00f3n en 2021 y salir a contender, ya que en Papantla y Filomeno Mata el 85 por ciento de los habitantes son ind\u00edgenas y en autom\u00e1tico obtendr\u00edan la diputaci\u00f3n local o federal.<\/p>\n\n\n\n<p>\u201cPero desafortunadamente el OPLE me respondi\u00f3 por escrito que no se puede considerar la resoluci\u00f3n del INE para proponer a nuestros representantes ind\u00edgenas como diputados o incluso alcaldes porque en Veracruz no se ha legislado\u201d, se\u00f1al\u00f3.<\/p>\n\n\n\n<p>Algunas de las caracter\u00edsticas es que el candidato deber\u00e1 hablar alguna lengua ind\u00edgena, nacer y vivir en la regi\u00f3n ind\u00edgena, por mencionar algunos de los \u201ccandados\u201d que describe Flores M\u00e1rquez.<\/p>\n\n\n\n<p>\u201cUna vez que se proponga y se apruebe y salga en la Gaceta, se puede exigir que se cumpla en el Estado de Veracruz, esa resoluci\u00f3n que ya tenemos de la Suprema Corte de Justicia\u201d, coment\u00f3.<\/p>\n\n\n\n<p>\u201cSi la Ley dice que donde hay m\u00e1s de 51 por ciento de poblaci\u00f3n originaria se designar\u00e1 qui\u00e9n ser\u00e1 el diputado local, pero ser\u00e1 en asamblea y bajo consenso de los mismos habitantes\u201d, agreg\u00f3.<\/p>\n\n\n\n<p>Tambi\u00e9n se ha propuesto que sea el mismo procedimiento en las alcald\u00edas, regidur\u00edas y sindicaturas.<\/p>\n\n\n\n<p>\u201cLos candados ser\u00e1n puestos por los Legisladores, porque deben hablar lengua materna, tener padres que hablen la lengua ind\u00edgena como parte de los requisitos que se deber\u00e1n cumplir legalmente\u201d, finaliz\u00f3.<\/p>\n","protected":false},"excerpt":{"rendered":"<p>Dar\u00edo Pale Xalapa, Ver.- Jos\u00e9 Luis Flores M\u00e1rquez, asesor de la gubernatura ind\u00edgena en Veracruz, dio a conocer que existe una resoluci\u00f3n del Instituto Nacional Electoral (INE), que donde haya poblaci\u00f3n originaria mayor a 51 por ciento, en autom\u00e1tico tendr\u00e1 la representaci\u00f3n plurinominal. En entrevista se\u00f1al\u00f3 que como representantes de las comunidades ind\u00edgenas, han solicitado [&hellip;]<\/p>\n","protected":false},"author":1,"featured_media":106,"comment_status":"open","ping_status":"open","sticky":false,"template":"","format":"standard","meta":{"_jetpack_memberships_contains_paid_content":false,"footnotes":""},"categories":[2],"tags":[],"class_list":["post-108","post","type-post","status-publish","format-standard","has-post-thumbnail","hentry","category-estado"],"jetpack_featured_media_url":"https:\/\/encuentroinformativo.com.mx\/wp-content\/uploads\/2020\/02\/img_7456.jpg","jetpack_sharing_enabled":true,"jetpack_likes_enabled":true,"amp_enabled":true,"_links":{"self":[{"href":"https:\/\/encuentroinformativo.com.mx\/index.php?rest_route=\/wp\/v2\/posts\/108","targetHints":{"allow":["GET"]}}],"collection":[{"href":"https:\/\/encuentroinformativo.com.mx\/index.php?rest_route=\/wp\/v2\/posts"}],"about":[{"href":"https:\/\/encuentroinformativo.com.mx\/index.php?rest_route=\/wp\/v2\/types\/post"}],"author":[{"embeddable":true,"href":"https:\/\/encuentroinformativo.com.mx\/index.php?rest_route=\/wp\/v2\/users\/1"}],"replies":[{"embeddable":true,"href":"https:\/\/encuentroinformativo.com.mx\/index.php?rest_route=%2Fwp%2Fv2%2Fcomments&post=108"}],"version-history":[{"count":0,"href":"https:\/\/encuentroinformativo.com.mx\/index.php?rest_route=\/wp\/v2\/posts\/108\/revisions"}],"wp:featuredmedia":[{"embeddable":true,"href":"https:\/\/encuentroinformativo.com.mx\/index.php?rest_route=\/wp\/v2\/media\/106"}],"wp:attachment":[{"href":"https:\/\/encuentroinformativo.com.mx\/index.php?rest_route=%2Fwp%2Fv2%2Fmedia&parent=108"}],"wp:term":[{"taxonomy":"category","embeddable":true,"href":"https:\/\/encuentroinformativo.com.mx\/index.php?rest_route=%2Fwp%2Fv2%2Fcategories&post=108"},{"taxonomy":"post_tag","embeddable":true,"href":"https:\/\/encuentroinformativo.com.mx\/index.php?rest_route=%2Fwp%2Fv2%2Ftags&post=108"}],"curies":[{"name":"wp","href":"https:\/\/api.w.org\/{rel}","templated":true}]}}