{"id":10815,"date":"2021-02-04T15:10:53","date_gmt":"2021-02-04T21:10:53","guid":{"rendered":"https:\/\/encuentroinformativo.com.mx\/?p=10815"},"modified":"2021-02-04T15:10:56","modified_gmt":"2021-02-04T21:10:56","slug":"promoveran-comercio-de-artesanias-en-boca-del-rio","status":"publish","type":"post","link":"https:\/\/encuentroinformativo.com.mx\/?p=10815","title":{"rendered":"Promover\u00e1n comercio de artesan\u00edas en Boca del R\u00edo"},"content":{"rendered":"\n<p><strong>Alejandro \u00c1vila<\/strong><\/p>\n\n\n\n<p>Boca del R\u00edo, Ver.- Vainilla de Papantla; cacahuate de Sayula de Alem\u00e1n; m\u00e1scaras de Tempoal; m\u00e1scaras y muebles de Teocelo; bisuter\u00eda y miel de Coatepec; guayaberas de Emiliano Zapata; adem\u00e1s de artesan\u00edas de madera de Otatitl\u00e1n y Nautla, son algunos de los productos que podr\u00e1n encontrar en Tienda Veracruz.<\/p>\n\n\n\n<p>Este comercio ubicado al interior de la Plaza El Dorado fue inaugurado por el secretario de Gobierno, Eric Patrocinio Cisneros Burgos, quien se acompa\u00f1o de algunos alcaldes de la entidad veracruzana.<\/p>\n\n\n\n<p>Duranta el evento, se dijo que empresarios y ayuntamientos promovieron este proyecto que impulsar\u00e1n para que se coloque en diversos puntos del Veracruz y la rep\u00fablica mexicana, pues consideran impactar\u00e1 positivamente en la econom\u00eda regional.<\/p>\n\n\n\n<p>Este comercio es un espacio que exhibir\u00e1 productos de calidad cien por ciento veracruzanos.<\/p>\n\n\n\n<p>&#8220;Tienda Veracruz forma parte de las acciones que coordinamos en la Secretar\u00eda de Gobierno, con la que dignificamos la promoci\u00f3n de lo que hacemos en Veracruz&#8221;, resalt\u00f3 Cisneros Burgos.<\/p>\n\n\n\n<p>Finalmente, mencion\u00f3 que se busca la tienda tambi\u00e9n tenga ventas en l\u00ednea, lo que permitir\u00e1 que personas que viven fuera del estado, incluso en el extranjero, adquieran artesan\u00edas veracruzanas.<\/p>\n","protected":false},"excerpt":{"rendered":"<p>Alejandro \u00c1vila Boca del R\u00edo, Ver.- Vainilla de Papantla; cacahuate de Sayula de Alem\u00e1n; m\u00e1scaras de Tempoal; m\u00e1scaras y muebles de Teocelo; bisuter\u00eda y miel de Coatepec; guayaberas de Emiliano Zapata; adem\u00e1s de artesan\u00edas de madera de Otatitl\u00e1n y Nautla, son algunos de los productos que podr\u00e1n encontrar en Tienda Veracruz. Este comercio ubicado al [&hellip;]<\/p>\n","protected":false},"author":1,"featured_media":10816,"comment_status":"open","ping_status":"open","sticky":false,"template":"","format":"standard","meta":{"_jetpack_memberships_contains_paid_content":false,"footnotes":""},"categories":[2],"tags":[],"class_list":["post-10815","post","type-post","status-publish","format-standard","has-post-thumbnail","hentry","category-estado"],"jetpack_featured_media_url":"https:\/\/encuentroinformativo.com.mx\/wp-content\/uploads\/2021\/02\/32E51782-AA09-4947-9EA1-C9BAB99C9F2D.jpeg","jetpack_sharing_enabled":true,"jetpack_likes_enabled":true,"amp_enabled":true,"_links":{"self":[{"href":"https:\/\/encuentroinformativo.com.mx\/index.php?rest_route=\/wp\/v2\/posts\/10815","targetHints":{"allow":["GET"]}}],"collection":[{"href":"https:\/\/encuentroinformativo.com.mx\/index.php?rest_route=\/wp\/v2\/posts"}],"about":[{"href":"https:\/\/encuentroinformativo.com.mx\/index.php?rest_route=\/wp\/v2\/types\/post"}],"author":[{"embeddable":true,"href":"https:\/\/encuentroinformativo.com.mx\/index.php?rest_route=\/wp\/v2\/users\/1"}],"replies":[{"embeddable":true,"href":"https:\/\/encuentroinformativo.com.mx\/index.php?rest_route=%2Fwp%2Fv2%2Fcomments&post=10815"}],"version-history":[{"count":1,"href":"https:\/\/encuentroinformativo.com.mx\/index.php?rest_route=\/wp\/v2\/posts\/10815\/revisions"}],"predecessor-version":[{"id":10817,"href":"https:\/\/encuentroinformativo.com.mx\/index.php?rest_route=\/wp\/v2\/posts\/10815\/revisions\/10817"}],"wp:featuredmedia":[{"embeddable":true,"href":"https:\/\/encuentroinformativo.com.mx\/index.php?rest_route=\/wp\/v2\/media\/10816"}],"wp:attachment":[{"href":"https:\/\/encuentroinformativo.com.mx\/index.php?rest_route=%2Fwp%2Fv2%2Fmedia&parent=10815"}],"wp:term":[{"taxonomy":"category","embeddable":true,"href":"https:\/\/encuentroinformativo.com.mx\/index.php?rest_route=%2Fwp%2Fv2%2Fcategories&post=10815"},{"taxonomy":"post_tag","embeddable":true,"href":"https:\/\/encuentroinformativo.com.mx\/index.php?rest_route=%2Fwp%2Fv2%2Ftags&post=10815"}],"curies":[{"name":"wp","href":"https:\/\/api.w.org\/{rel}","templated":true}]}}