{"id":10818,"date":"2021-02-04T15:21:55","date_gmt":"2021-02-04T21:21:55","guid":{"rendered":"https:\/\/encuentroinformativo.com.mx\/?p=10818"},"modified":"2021-02-04T15:22:25","modified_gmt":"2021-02-04T21:22:25","slug":"mas-de-5-mil-familias-reclaman-apoyo-a-ex-funcionario-duartista","status":"publish","type":"post","link":"https:\/\/encuentroinformativo.com.mx\/?p=10818","title":{"rendered":"M\u00e1s de 5 mil familias reclaman apoyo a ex funcionario duartista"},"content":{"rendered":"\n<p><strong>Alejandro Avila<\/strong><\/p>\n\n\n\n<p>Veracruz, Ver.- Hace poco m\u00e1s de un a\u00f1o, una comitiva de ciudadanos concret\u00f3 mesas de trabajo con el delegado del INFONAVIT en Veracruz, Eric Porres Blesa, quien prometio ayudar a m\u00e1s de 5 mil familias a poder municipalizar sus fraccionamientos, situaci\u00f3n que sigue estancada, reclamaron los afectados.<\/p>\n\n\n\n<p>Se estima que son 5 mil 600 familias de los fraccionamientos, Colinas de Santa Fe, Sotavento, Campanario, Costa Dorada, Oasis, Proletariado y Exome, quienes sufren constantemente de apagones de energ\u00eda el\u00e9ctrica, falta de agua y actualmente se hacen cargo del mantenimiento del pozo que los abastece del l\u00edquido.<\/p>\n\n\n\n<p>Debido a esto, solicitaron al ex Secretario de Desarrollo Econ\u00f3mico y Portuario (SEDECOP), durante el sexenio de Javier Duarte, ahora delegado de INFONAVIT, intervenir y lograr la municipalizaci\u00f3n.<\/p>\n\n\n\n<p>&#8220;En las mesas de di\u00e1logo que hemos tenido es un aventon de pelota, que yo no fui, que no fue en mi administraci\u00f3n, que no me corresponde, que yo solamente solicite un cr\u00e9dito (\u2026) Entre peras y manzanas a nosotros nos siguen descontando las viviendas&#8221;, se\u00f1al\u00f3&nbsp;Mayra Garc\u00eda Cortez.<\/p>\n\n\n\n<p>Los vecinos mencionan que ellos cada a\u00f1os pagan su&nbsp;predial, pero siguen sin tener servicios p\u00fablicos municipales.<\/p>\n\n\n\n<p>Esta situaci\u00f3n afecta a 5 mil 600 familias, por lo que reiter\u00f3 el llamado al delegado del INFONAVIT, ya que desde hace un a\u00f1o que les aseguraron habr\u00eda respuesta no ha pasado nada.<\/p>\n\n\n\n<p>En cuanto a las autoridades municipales, mencion\u00f3 que no hay respuesta tampoco.<\/p>\n\n\n\n<p>&#8220;El municipio lo que nos comenta es que no pueden municipalizar por toda la problem\u00e1tica que tiene el fraccionamiento y que dej\u00f3 la constructora&#8221;.<\/p>\n\n\n\n<p>Afirm\u00f3 que no est\u00e1n negados a pagar, al contrario desean ser minicipalizados para poder tener acceso a los servicios p\u00fablicos municipales.<\/p>\n","protected":false},"excerpt":{"rendered":"<p>Alejandro Avila Veracruz, Ver.- Hace poco m\u00e1s de un a\u00f1o, una comitiva de ciudadanos concret\u00f3 mesas de trabajo con el delegado del INFONAVIT en Veracruz, Eric Porres Blesa, quien prometio ayudar a m\u00e1s de 5 mil familias a poder municipalizar sus fraccionamientos, situaci\u00f3n que sigue estancada, reclamaron los afectados. Se estima que son 5 mil [&hellip;]<\/p>\n","protected":false},"author":1,"featured_media":10819,"comment_status":"open","ping_status":"open","sticky":false,"template":"","format":"standard","meta":{"_jetpack_memberships_contains_paid_content":false,"footnotes":""},"categories":[2],"tags":[],"class_list":["post-10818","post","type-post","status-publish","format-standard","has-post-thumbnail","hentry","category-estado"],"jetpack_featured_media_url":"https:\/\/encuentroinformativo.com.mx\/wp-content\/uploads\/2021\/02\/12DFA213-5D14-46CD-B7C8-A3CD9654A26E.jpeg","jetpack_sharing_enabled":true,"jetpack_likes_enabled":true,"amp_enabled":true,"_links":{"self":[{"href":"https:\/\/encuentroinformativo.com.mx\/index.php?rest_route=\/wp\/v2\/posts\/10818","targetHints":{"allow":["GET"]}}],"collection":[{"href":"https:\/\/encuentroinformativo.com.mx\/index.php?rest_route=\/wp\/v2\/posts"}],"about":[{"href":"https:\/\/encuentroinformativo.com.mx\/index.php?rest_route=\/wp\/v2\/types\/post"}],"author":[{"embeddable":true,"href":"https:\/\/encuentroinformativo.com.mx\/index.php?rest_route=\/wp\/v2\/users\/1"}],"replies":[{"embeddable":true,"href":"https:\/\/encuentroinformativo.com.mx\/index.php?rest_route=%2Fwp%2Fv2%2Fcomments&post=10818"}],"version-history":[{"count":1,"href":"https:\/\/encuentroinformativo.com.mx\/index.php?rest_route=\/wp\/v2\/posts\/10818\/revisions"}],"predecessor-version":[{"id":10820,"href":"https:\/\/encuentroinformativo.com.mx\/index.php?rest_route=\/wp\/v2\/posts\/10818\/revisions\/10820"}],"wp:featuredmedia":[{"embeddable":true,"href":"https:\/\/encuentroinformativo.com.mx\/index.php?rest_route=\/wp\/v2\/media\/10819"}],"wp:attachment":[{"href":"https:\/\/encuentroinformativo.com.mx\/index.php?rest_route=%2Fwp%2Fv2%2Fmedia&parent=10818"}],"wp:term":[{"taxonomy":"category","embeddable":true,"href":"https:\/\/encuentroinformativo.com.mx\/index.php?rest_route=%2Fwp%2Fv2%2Fcategories&post=10818"},{"taxonomy":"post_tag","embeddable":true,"href":"https:\/\/encuentroinformativo.com.mx\/index.php?rest_route=%2Fwp%2Fv2%2Ftags&post=10818"}],"curies":[{"name":"wp","href":"https:\/\/api.w.org\/{rel}","templated":true}]}}