{"id":10821,"date":"2021-02-04T16:24:37","date_gmt":"2021-02-04T22:24:37","guid":{"rendered":"https:\/\/encuentroinformativo.com.mx\/?p=10821"},"modified":"2021-02-04T16:25:08","modified_gmt":"2021-02-04T22:25:08","slug":"piden-autoridades-no-celebrar-14-de-febrero","status":"publish","type":"post","link":"https:\/\/encuentroinformativo.com.mx\/?p=10821","title":{"rendered":"Piden autoridades no celebrar 14 de febrero"},"content":{"rendered":"\n<p><strong>Juan Arcos <\/strong><\/p>\n\n\n\n<p>Xalapa, Ver.- La Secretar\u00eda de Salud de Veracruz exhort\u00f3 a la poblaci\u00f3n para cancelar festejos por el D\u00eda del Amor y la Amistad, el pr\u00f3ximo 14 de febrero, ante el incremento de contagios de SARS-COV-2 (COVID-19).<\/p>\n\n\n\n<p>El titular de la dependencia, Roberto Ramos Alor, propuso decretar la cuarta alerta preventiva para restringir la movilidad en 118 de los 212 municipios de la entidad.<\/p>\n\n\n\n<p>El funcionario estatal consider\u00f3 que son necesarias m\u00e1s medidas restrictivas para frenar la velocidad de contagios y la ocupaci\u00f3n hospitalaria. Por ello, pidi\u00f3 a la poblaci\u00f3n evitar besos y abrazos, durante la festividad mencionada.<\/p>\n\n\n\n<p>Adem\u00e1s, detall\u00f3 que 12 ciudades del estado se encuentran en sem\u00e1foro epidemiol\u00f3gico color rojo, de riesgo m\u00e1ximo de contagio, y 106 en naranja, de riesgo alto de contagio.<\/p>\n\n\n\n<p>\u201cEl se\u00f1or gobernador Cuitl\u00e1huac Garc\u00eda Jim\u00e9nez ha reforzado el tema de las alertas preventivas por COVID-19, no queremos que la entidad pase a un nivel cr\u00edtico y aqu\u00ed necesitamos que ustedes, la poblaci\u00f3n, por favor, haga su parte, es la vida de todos la que est\u00e1 en riesgo\u201d.<\/p>\n\n\n\n<p>La cuarta alerta preventiva contemplar\u00eda el cierre de calles en los centros hist\u00f3ricos de las ciudades que han reportado el mayor n\u00famero casos de coronavirus y un incremento en la ocupaci\u00f3n hospitalaria, como Poza Rica, Xalapa, Coatzacoalcos y el puerto de Veracruz.<\/p>\n\n\n\n<p>\u201cPor eso insistimos, no esperen a que su salud se complique por los s\u00edntomas, no piensen que por tener tanque de ox\u00edgeno en casa, van a estar bien o van a salvar la vida, debe haber vigilancia y atenci\u00f3n m\u00e9dica para que no lleguen tard\u00edamente al hospital\u201d.<\/p>\n\n\n\n<p>Aunque algunos empresarios se han opuesto a las medidas restrictivas por las afectaciones econ\u00f3micas que \u00e9stas han generado, se espera que en los pr\u00f3ximos d\u00edas sea decretada la nueva alerta preventiva por coronavirus en el estado de Veracruz.<\/p>\n\n\n\n<p>Cabe mencionar que las autoridades sanitarias reportaron 51 mil 421 casos positivos acumulados en 209 municipios de Veracruz, as\u00ed como 7 mil 171 defunciones por COVID-19 en 194 demarcaciones.<\/p>\n","protected":false},"excerpt":{"rendered":"<p>Juan Arcos Xalapa, Ver.- La Secretar\u00eda de Salud de Veracruz exhort\u00f3 a la poblaci\u00f3n para cancelar festejos por el D\u00eda del Amor y la Amistad, el pr\u00f3ximo 14 de febrero, ante el incremento de contagios de SARS-COV-2 (COVID-19). El titular de la dependencia, Roberto Ramos Alor, propuso decretar la cuarta alerta preventiva para restringir la [&hellip;]<\/p>\n","protected":false},"author":1,"featured_media":10822,"comment_status":"open","ping_status":"open","sticky":false,"template":"","format":"standard","meta":{"_jetpack_memberships_contains_paid_content":false,"footnotes":""},"categories":[3],"tags":[],"class_list":["post-10821","post","type-post","status-publish","format-standard","has-post-thumbnail","hentry","category-xalapa"],"jetpack_featured_media_url":"https:\/\/encuentroinformativo.com.mx\/wp-content\/uploads\/2021\/02\/B52C45E0-C446-43AD-A712-62C9CED72960.jpeg","jetpack_sharing_enabled":true,"jetpack_likes_enabled":true,"amp_enabled":true,"_links":{"self":[{"href":"https:\/\/encuentroinformativo.com.mx\/index.php?rest_route=\/wp\/v2\/posts\/10821","targetHints":{"allow":["GET"]}}],"collection":[{"href":"https:\/\/encuentroinformativo.com.mx\/index.php?rest_route=\/wp\/v2\/posts"}],"about":[{"href":"https:\/\/encuentroinformativo.com.mx\/index.php?rest_route=\/wp\/v2\/types\/post"}],"author":[{"embeddable":true,"href":"https:\/\/encuentroinformativo.com.mx\/index.php?rest_route=\/wp\/v2\/users\/1"}],"replies":[{"embeddable":true,"href":"https:\/\/encuentroinformativo.com.mx\/index.php?rest_route=%2Fwp%2Fv2%2Fcomments&post=10821"}],"version-history":[{"count":1,"href":"https:\/\/encuentroinformativo.com.mx\/index.php?rest_route=\/wp\/v2\/posts\/10821\/revisions"}],"predecessor-version":[{"id":10823,"href":"https:\/\/encuentroinformativo.com.mx\/index.php?rest_route=\/wp\/v2\/posts\/10821\/revisions\/10823"}],"wp:featuredmedia":[{"embeddable":true,"href":"https:\/\/encuentroinformativo.com.mx\/index.php?rest_route=\/wp\/v2\/media\/10822"}],"wp:attachment":[{"href":"https:\/\/encuentroinformativo.com.mx\/index.php?rest_route=%2Fwp%2Fv2%2Fmedia&parent=10821"}],"wp:term":[{"taxonomy":"category","embeddable":true,"href":"https:\/\/encuentroinformativo.com.mx\/index.php?rest_route=%2Fwp%2Fv2%2Fcategories&post=10821"},{"taxonomy":"post_tag","embeddable":true,"href":"https:\/\/encuentroinformativo.com.mx\/index.php?rest_route=%2Fwp%2Fv2%2Ftags&post=10821"}],"curies":[{"name":"wp","href":"https:\/\/api.w.org\/{rel}","templated":true}]}}