{"id":10825,"date":"2021-02-04T11:38:49","date_gmt":"2021-02-04T17:38:49","guid":{"rendered":"https:\/\/encuentroinformativo.com.mx\/?p=10825"},"modified":"2021-02-04T16:43:41","modified_gmt":"2021-02-04T22:43:41","slug":"promueven-diplomado-en-periodismo","status":"publish","type":"post","link":"https:\/\/encuentroinformativo.com.mx\/?p=10825","title":{"rendered":"Promueven diplomado en periodismo"},"content":{"rendered":"\n<p><strong>Dar\u00edo Pale <\/strong><\/p>\n\n\n\n<p>Xalapa, Ver.- Dan a conocer la realizaci\u00f3n del Diplomado en Periodismo Digital el cual tiene como finalidad el desarrollo de habilidades para el uso de herramientas tecnol\u00f3gicas y su aplicaci\u00f3n dentro de los medios de comunicaci\u00f3n, as\u00ed lo inform\u00f3\u00a0El\u00edas Galicia Bravo, rector del\u00a0Centro Latinoamericano de Estudios Superiores (CLAES) en coordinaci\u00f3n con el Colectivo <em>Xalaperiodismo<\/em>.<\/p>\n\n\n\n<p>En conferencia de prensa realizada en conocido caf\u00e9 del centro de Xalapa el rector de dicha instituci\u00f3n se\u00f1al\u00f3 que, este programa educativo est\u00e1 desarrollado para su impartici\u00f3n en modalidad 100 por ciento en l\u00ednea, en la cual se encuentra especializado este centro de estudios, por lo cu\u00e1l existe plena garant\u00eda de que dicho diplomado cuenta con todo el material necesario para su aprovechamiento.<\/p>\n\n\n\n<p>&#8220;Este diplomado est\u00e1 dirigido a todos los periodistas para que adquieran habilidades para investigar y recolectar informaci\u00f3n, as\u00ed como el uso de nuevas tecnolog\u00edas aplicadas al periodismo; tenemos todo el material de manera digital para que puedan tomar las clases en l\u00ednea y esta universidad se caracteriza por eso desde hace diez a\u00f1os, no estamos experimentando&#8221;, indic\u00f3.<\/p>\n\n\n\n<p>Asimismo, Galicia Bravo resalt\u00f3 que con la intenci\u00f3n de que exista una nutrida participaci\u00f3n de los trabajadores de los medios de comunicaci\u00f3n en este diplomado, se les estar\u00e1 ofreciendo un costo preferencial para dicho curso.<\/p>\n\n\n\n<p>Finalmente, agreg\u00f3 que el diplomado se realizar\u00e1 del 6 de Marzo al 5 de Junio de 2021 en modalidad de videoconferencias sabatinas.<\/p>\n","protected":false},"excerpt":{"rendered":"<p>Dar\u00edo Pale Xalapa, Ver.- Dan a conocer la realizaci\u00f3n del Diplomado en Periodismo Digital el cual tiene como finalidad el desarrollo de habilidades para el uso de herramientas tecnol\u00f3gicas y su aplicaci\u00f3n dentro de los medios de comunicaci\u00f3n, as\u00ed lo inform\u00f3\u00a0El\u00edas Galicia Bravo, rector del\u00a0Centro Latinoamericano de Estudios Superiores (CLAES) en coordinaci\u00f3n con el Colectivo [&hellip;]<\/p>\n","protected":false},"author":1,"featured_media":10826,"comment_status":"open","ping_status":"open","sticky":false,"template":"","format":"standard","meta":{"_jetpack_memberships_contains_paid_content":false,"footnotes":""},"categories":[3],"tags":[],"class_list":["post-10825","post","type-post","status-publish","format-standard","has-post-thumbnail","hentry","category-xalapa"],"jetpack_featured_media_url":"https:\/\/encuentroinformativo.com.mx\/wp-content\/uploads\/2021\/02\/4C495FC6-5D69-4DEB-8347-4C7A8CB9CC3F.jpeg","jetpack_sharing_enabled":true,"jetpack_likes_enabled":true,"amp_enabled":true,"_links":{"self":[{"href":"https:\/\/encuentroinformativo.com.mx\/index.php?rest_route=\/wp\/v2\/posts\/10825","targetHints":{"allow":["GET"]}}],"collection":[{"href":"https:\/\/encuentroinformativo.com.mx\/index.php?rest_route=\/wp\/v2\/posts"}],"about":[{"href":"https:\/\/encuentroinformativo.com.mx\/index.php?rest_route=\/wp\/v2\/types\/post"}],"author":[{"embeddable":true,"href":"https:\/\/encuentroinformativo.com.mx\/index.php?rest_route=\/wp\/v2\/users\/1"}],"replies":[{"embeddable":true,"href":"https:\/\/encuentroinformativo.com.mx\/index.php?rest_route=%2Fwp%2Fv2%2Fcomments&post=10825"}],"version-history":[{"count":1,"href":"https:\/\/encuentroinformativo.com.mx\/index.php?rest_route=\/wp\/v2\/posts\/10825\/revisions"}],"predecessor-version":[{"id":10827,"href":"https:\/\/encuentroinformativo.com.mx\/index.php?rest_route=\/wp\/v2\/posts\/10825\/revisions\/10827"}],"wp:featuredmedia":[{"embeddable":true,"href":"https:\/\/encuentroinformativo.com.mx\/index.php?rest_route=\/wp\/v2\/media\/10826"}],"wp:attachment":[{"href":"https:\/\/encuentroinformativo.com.mx\/index.php?rest_route=%2Fwp%2Fv2%2Fmedia&parent=10825"}],"wp:term":[{"taxonomy":"category","embeddable":true,"href":"https:\/\/encuentroinformativo.com.mx\/index.php?rest_route=%2Fwp%2Fv2%2Fcategories&post=10825"},{"taxonomy":"post_tag","embeddable":true,"href":"https:\/\/encuentroinformativo.com.mx\/index.php?rest_route=%2Fwp%2Fv2%2Ftags&post=10825"}],"curies":[{"name":"wp","href":"https:\/\/api.w.org\/{rel}","templated":true}]}}