{"id":10840,"date":"2021-02-05T12:04:24","date_gmt":"2021-02-05T18:04:24","guid":{"rendered":"https:\/\/encuentroinformativo.com.mx\/?p=10840"},"modified":"2021-02-05T12:04:27","modified_gmt":"2021-02-05T18:04:27","slug":"marijo-dunyaska-anilu-lorena","status":"publish","type":"post","link":"https:\/\/encuentroinformativo.com.mx\/?p=10840","title":{"rendered":"Marij\u00f3, Dunyaska, Anil\u00fa, Lorena"},"content":{"rendered":"\n<p><strong>Los Pol\u00edticos<\/strong><\/p>\n\n\n\n<p><strong>Salvador Mu\u00f1oz<\/strong><\/p>\n\n\n\n<p>Una f\u00f3rmula interesante se vislumbra en el Puerto jarocho con las dos figuras que lanza la Alianza PAN-PRI-PRD para ir por las dos curules que hay en este distrito: Miguel Hermida, por el XIV; y Anil\u00fa Ingram, por el XV.<\/p>\n\n\n\n<p>El primer distrito lo ostenta a\u00fan Marijos\u00e9 Gamboa, que este mi\u00e9rcoles por la noche, era confirmada como candidata a diputada federal por el distrito XII; el segundo, Bingen Rementer\u00eda, quien junto con Miguel \u00c1ngel Yunes M\u00e1rquez, busca ser el candidato de su partido para ir en pos de la presidencia municipal.<\/p>\n\n\n\n<p>Todo parece indicar que en el camino quedaron Gabriela Reva Hay\u00f3n y Mariana Dunyaska Garc\u00eda, \u00e9sta \u00faltima, una de las mejores exponentes tanto del panismo como del sentir ciudadano en San L\u00e1zaro.<\/p>\n\n\n\n<p>S\u00ed, rengl\u00f3n aparte merece Garc\u00eda Rojas, quien adem\u00e1s de dar la cara por su partido y Veracruz en el Congreso de la Uni\u00f3n, no s\u00f3lo destaca por su participaci\u00f3n pol\u00edtica, sino por su labor insistente en poner en el lugar que le corresponde a Veracruz en t\u00e9rminos hist\u00f3ricos y culturales. De cierto modo, dejar fuera de la jugada a Mariana Dunyaska, es dejar fuera de la jugada a las panistas. Baste observar el panorama de la zona conurbada incluyendo Medell\u00edn: Por las alcald\u00edas de Veracruz, Boca y Medell\u00edn, van tres varones; en las curules, igual van tres varones; y la \u00fanica mujer es Gamboa Torales entre siete puestos de elecci\u00f3n popular\u2026<\/p>\n\n\n\n<p>Por supuesto, de esto, no se podr\u00eda responsabilizar ni a Bingen o Yunes (Puerto), Juan Manuel de Unanue (Boca), Gabriel C\u00e1rdenas (Medell\u00edn), Polo Deschamps, Miguel Hermida o Jaime de la Garza (curules)&#8230; quiz\u00e1s en una de \u00e9sas, a la dirigencia estatal del partido, por privilegiar acuerdos, intereses, sean partidistas o personales, por encima de lo que tendr\u00eda que ser justo\u2026 parte tambi\u00e9n pudiera ser responsabilidad de las mismas mujeres, las panistas, que igual optan por los intereses partidistas o personales, que por luchar por la equidad de g\u00e9nero al interior del partido\u2026<\/p>\n\n\n\n<p>Muy independiente de esto, la f\u00f3rmula que encabeza la Alianza por las curules locales con Hermida y Anil\u00fa ser\u00e1 sin duda, el par a vencer.<\/p>\n\n\n\n<p>Por cierto, ya que se cita a Anil\u00fa, la \u00fanica veracruzana (mujer, pues) que representa al PRI en San L\u00e1zaro, su lugar bien lo podr\u00eda ocupar una vecina de San Rafael: Lorena Pi\u00f1\u00f3n.<\/p>\n\n\n\n<p>Lorena es bien sabido, no es monedita de oro ni tampoco profeta en su tierra, pero sin duda, a pulso se ha ganado un lugar no s\u00f3lo como secretaria en el CEN del PRI en Gesti\u00f3n Social, lo que le permite ir de la Ceca a la Meca por todo el territorio haciendo lo que sabe: trabajar y aunque suene redundante, gestionar.<\/p>\n\n\n\n<p>Lorena Pi\u00f1\u00f3n aparece en la tercera circuscripci\u00f3n, en el n\u00famero cuatro de las Pluris del PRI junto con Pablo Guillermo Angulo Brise\u00f1o, quien es diputado federal actual, \u00bfadivinen de qu\u00e9 distrito? \u00bfNo? \u00a1De Campeche! As\u00ed que ya sabe la l\u00ednea. Como n\u00famero dos, una personaje interesante: Eufrosina Cruz Mendoza, un emblema de la lucha de la mujer, de la ind\u00edgena, que revoluciona poco a poco el papel de sus cong\u00e9neres en ese estado con un marcado patriarcado\u2026 Ella va como n\u00famero 2.<\/p>\n\n\n\n<p>En el tercer puesto va Carlos Miguel Aysa Damas, hijo del mandatario estatal de Campeche del mismo nombre, Aysa Gonz\u00e1lez. \u00bfS\u00ed not\u00f3? \u00bfCampeche?<\/p>\n\n\n\n<p>En quinto, Pablo Gamboa Miner, s\u00ed, hijo de Emilio Gamboa Patr\u00f3n, quien ya prob\u00f3 las mieles del Poder Legislativo en aquella bancada donde fueron incluidos muchos juniors del PRI.<\/p>\n\n\n\n<p>En el sexto, Mariana Nazar Pi\u00f1eiro, del equipo de los Murat, y por ende, por Oaxaca. En el s\u00e9ptimo, Pedro Arment\u00eda L\u00f3pez, secretario de gobierno de\u2026 \u00bfAdivina? \u00a1Ya debe de saberlo a estas alturas! \u00a1Campeche! Y en el 8, Martha Albores Avenda\u00f1o, secretaria federal del Sindicato de Trabajadores de\u2026 s\u00ed, es seguro que ya lo supo, del estado de Campeche. \u00a1Alito ya coloc\u00f3 sus canicas! As\u00ed, s\u00f3lo una veracruzana de la tercera circuscripci\u00f3n aparece, que no se cuela, en la lista de pluris de San L\u00e1zaro, en la apuesta de hacerle contrapeso al partido en el Poder.<\/p>\n\n\n\n<p><a href=\"mailto:smcainito@gmail.com\" target=\"_blank\" rel=\"noreferrer noopener\">smcainito@gmail.com<\/a><\/p>\n","protected":false},"excerpt":{"rendered":"<p>Los Pol\u00edticos Salvador Mu\u00f1oz Una f\u00f3rmula interesante se vislumbra en el Puerto jarocho con las dos figuras que lanza la Alianza PAN-PRI-PRD para ir por las dos curules que hay en este distrito: Miguel Hermida, por el XIV; y Anil\u00fa Ingram, por el XV. El primer distrito lo ostenta a\u00fan Marijos\u00e9 Gamboa, que este mi\u00e9rcoles [&hellip;]<\/p>\n","protected":false},"author":1,"featured_media":70,"comment_status":"open","ping_status":"open","sticky":false,"template":"","format":"standard","meta":{"_jetpack_memberships_contains_paid_content":false,"footnotes":""},"categories":[11],"tags":[],"class_list":["post-10840","post","type-post","status-publish","format-standard","has-post-thumbnail","hentry","category-opinion"],"jetpack_featured_media_url":"https:\/\/encuentroinformativo.com.mx\/wp-content\/uploads\/2020\/02\/opinion-invitado.jpg","jetpack_sharing_enabled":true,"jetpack_likes_enabled":true,"amp_enabled":true,"_links":{"self":[{"href":"https:\/\/encuentroinformativo.com.mx\/index.php?rest_route=\/wp\/v2\/posts\/10840","targetHints":{"allow":["GET"]}}],"collection":[{"href":"https:\/\/encuentroinformativo.com.mx\/index.php?rest_route=\/wp\/v2\/posts"}],"about":[{"href":"https:\/\/encuentroinformativo.com.mx\/index.php?rest_route=\/wp\/v2\/types\/post"}],"author":[{"embeddable":true,"href":"https:\/\/encuentroinformativo.com.mx\/index.php?rest_route=\/wp\/v2\/users\/1"}],"replies":[{"embeddable":true,"href":"https:\/\/encuentroinformativo.com.mx\/index.php?rest_route=%2Fwp%2Fv2%2Fcomments&post=10840"}],"version-history":[{"count":1,"href":"https:\/\/encuentroinformativo.com.mx\/index.php?rest_route=\/wp\/v2\/posts\/10840\/revisions"}],"predecessor-version":[{"id":10841,"href":"https:\/\/encuentroinformativo.com.mx\/index.php?rest_route=\/wp\/v2\/posts\/10840\/revisions\/10841"}],"wp:featuredmedia":[{"embeddable":true,"href":"https:\/\/encuentroinformativo.com.mx\/index.php?rest_route=\/wp\/v2\/media\/70"}],"wp:attachment":[{"href":"https:\/\/encuentroinformativo.com.mx\/index.php?rest_route=%2Fwp%2Fv2%2Fmedia&parent=10840"}],"wp:term":[{"taxonomy":"category","embeddable":true,"href":"https:\/\/encuentroinformativo.com.mx\/index.php?rest_route=%2Fwp%2Fv2%2Fcategories&post=10840"},{"taxonomy":"post_tag","embeddable":true,"href":"https:\/\/encuentroinformativo.com.mx\/index.php?rest_route=%2Fwp%2Fv2%2Ftags&post=10840"}],"curies":[{"name":"wp","href":"https:\/\/api.w.org\/{rel}","templated":true}]}}