{"id":10848,"date":"2021-02-05T12:36:51","date_gmt":"2021-02-05T18:36:51","guid":{"rendered":"https:\/\/encuentroinformativo.com.mx\/?p=10848"},"modified":"2021-02-05T12:36:53","modified_gmt":"2021-02-05T18:36:53","slug":"mujeres-petistas-rechazan-candidatura-de-marcos-isleno","status":"publish","type":"post","link":"https:\/\/encuentroinformativo.com.mx\/?p=10848","title":{"rendered":"Mujeres petistas rechazan candidatura de Marcos Isle\u00f1o"},"content":{"rendered":"\n<p><strong>Alejandro \u00c1vila<\/strong><\/p>\n\n\n\n<p>Veracruz, Ver.- A conocido caf\u00e9 de Veracruz puerto, acudieron un grupo de mujeres afines al Partido del Trabajo, quienes celebraron la alianza hecha por su partido, en conjunto con MORENA y el PVEM, pues consider\u00f3 habr\u00e1 m\u00e1s espacios para las mujeres en la vida pol\u00edtica; aunque se\u00f1alaron que debe revisarse los perfiles de los candidatos, pues Marcos Isle\u00f1o Andrade tiene antecedentes de violencia contra la mujer.<\/p>\n\n\n\n<p>En una lona que mostraron, se pod\u00eda ver las im\u00e1genes del militantes del PVEM, as\u00ed como las de una mujer golpeada, adem\u00e1s de un extracto de una nota period\u00edstica, donde se le acusaba de golpear a su pareja sentimental en noviembre del 2013, donde el abogado de la v\u00edctima detall\u00f3 que la joven tuvo dos esguinces, fractura de costillas y la cara inflamada de los golpes propinados.<\/p>\n\n\n\n<p>\u201cLa pancarta que mencionan las compa\u00f1eras es por alguna situaci\u00f3n que pas\u00f3 hace muchos a\u00f1os, nosotros por esa situaci\u00f3n y otras situaciones, buscamos que se revisen los perfiles de los candidato, \u00bfporque?, porque no podemos permitir que candidatos o precandidatos que tienen mala reputaci\u00f3n, que tienen antecedentes, nos sigan manchando la imagen, que sigan violentando a las mujeres y que sigan queriendo tener oportunidad, cuando hay much\u00edsimas personas que tiene mejores perfiles y quieren participar\u201d, resalt\u00f3 Ruth Aguilar, coordinadora del sectorial de Mujeres del Partido de Trabajo.<\/p>\n\n\n\n<p>Las mujeres se\u00f1alaron que los aspirantes a un cargo p\u00fablico deben ser personas con buenos antecedentes, que sean ejemplo de la sociedad y que sobre todo den apertura a las mujeres en la vida pol\u00edtica.<\/p>\n\n\n\n<p>\u201cHay un antecedente, y que ese antecedente est\u00e1 en ese se\u00f1or que hoy por hoy es aspirante a la candidatura por Medell\u00edn. Nosotros como partido y tambi\u00e9n como Asociaci\u00f3n Civil pues les hacemos caso, nosotros incluimos a todos, nosotros no venimos a golpear a nadie, que quede muy claro, nosotros no venimos a exhibir a nadie, se exhiben solos\u201d.<\/p>\n\n\n\n<p>\u201cEl se\u00f1alamiento que traen las compa\u00f1eras es de la violencia de g\u00e9nero en general, como Partido del Trabajo nosotros apoyamos a la mujer, necesitamos que el tema de violencia de g\u00e9nero ya se detenga, tenemos en nuestros organismos el apoyo a la mujer, a la mujer que es violentada, a la comunidad LGBT es muy vulnerada en esta sociedad, nosotros les damos el apoyo\u201d, remat\u00f3.<\/p>\n","protected":false},"excerpt":{"rendered":"<p>Alejandro \u00c1vila Veracruz, Ver.- A conocido caf\u00e9 de Veracruz puerto, acudieron un grupo de mujeres afines al Partido del Trabajo, quienes celebraron la alianza hecha por su partido, en conjunto con MORENA y el PVEM, pues consider\u00f3 habr\u00e1 m\u00e1s espacios para las mujeres en la vida pol\u00edtica; aunque se\u00f1alaron que debe revisarse los perfiles de [&hellip;]<\/p>\n","protected":false},"author":1,"featured_media":10849,"comment_status":"open","ping_status":"open","sticky":false,"template":"","format":"standard","meta":{"_jetpack_memberships_contains_paid_content":false,"footnotes":""},"categories":[2],"tags":[],"class_list":["post-10848","post","type-post","status-publish","format-standard","has-post-thumbnail","hentry","category-estado"],"jetpack_featured_media_url":"https:\/\/encuentroinformativo.com.mx\/wp-content\/uploads\/2021\/02\/8ADCA8D1-945E-4BC9-A592-D0840BF27480.jpeg","jetpack_sharing_enabled":true,"jetpack_likes_enabled":true,"amp_enabled":true,"_links":{"self":[{"href":"https:\/\/encuentroinformativo.com.mx\/index.php?rest_route=\/wp\/v2\/posts\/10848","targetHints":{"allow":["GET"]}}],"collection":[{"href":"https:\/\/encuentroinformativo.com.mx\/index.php?rest_route=\/wp\/v2\/posts"}],"about":[{"href":"https:\/\/encuentroinformativo.com.mx\/index.php?rest_route=\/wp\/v2\/types\/post"}],"author":[{"embeddable":true,"href":"https:\/\/encuentroinformativo.com.mx\/index.php?rest_route=\/wp\/v2\/users\/1"}],"replies":[{"embeddable":true,"href":"https:\/\/encuentroinformativo.com.mx\/index.php?rest_route=%2Fwp%2Fv2%2Fcomments&post=10848"}],"version-history":[{"count":1,"href":"https:\/\/encuentroinformativo.com.mx\/index.php?rest_route=\/wp\/v2\/posts\/10848\/revisions"}],"predecessor-version":[{"id":10850,"href":"https:\/\/encuentroinformativo.com.mx\/index.php?rest_route=\/wp\/v2\/posts\/10848\/revisions\/10850"}],"wp:featuredmedia":[{"embeddable":true,"href":"https:\/\/encuentroinformativo.com.mx\/index.php?rest_route=\/wp\/v2\/media\/10849"}],"wp:attachment":[{"href":"https:\/\/encuentroinformativo.com.mx\/index.php?rest_route=%2Fwp%2Fv2%2Fmedia&parent=10848"}],"wp:term":[{"taxonomy":"category","embeddable":true,"href":"https:\/\/encuentroinformativo.com.mx\/index.php?rest_route=%2Fwp%2Fv2%2Fcategories&post=10848"},{"taxonomy":"post_tag","embeddable":true,"href":"https:\/\/encuentroinformativo.com.mx\/index.php?rest_route=%2Fwp%2Fv2%2Ftags&post=10848"}],"curies":[{"name":"wp","href":"https:\/\/api.w.org\/{rel}","templated":true}]}}