{"id":10854,"date":"2021-02-05T15:22:05","date_gmt":"2021-02-05T21:22:05","guid":{"rendered":"https:\/\/encuentroinformativo.com.mx\/?p=10854"},"modified":"2021-02-05T15:22:36","modified_gmt":"2021-02-05T21:22:36","slug":"desconocen-locatarios-proyecto-de-remodelacion-para-mercado","status":"publish","type":"post","link":"https:\/\/encuentroinformativo.com.mx\/?p=10854","title":{"rendered":"Desconocen locatarios proyecto de remodelaci\u00f3n para Mercado"},"content":{"rendered":"\n<p><strong>Juan Arcos<\/strong> <\/p>\n\n\n\n<p>Xalapa, Ver.- Integrantes del comit\u00e9 del mercado \u201cAdolfo Ruiz Cortines\u201d, mejor conocido como \u201cLa Rotonda\u201d, pidieron a las autoridades de los tres niveles de gobierno que informen sobre los alcances del proyecto para la remodelaci\u00f3n del inmueble.<\/p>\n\n\n\n<p>Los locatarios tienen incertidumbre y temen que haya afectaciones a su actividad comercial por los trabajos que puedan llevarse a cabo en el lugar.<\/p>\n\n\n\n<p>De acuerdo con Juan Ram\u00f3n Moro Ponce, integrante de dicho comit\u00e9, los comerciantes se enteraron de que el proyecto ser\u00eda financiado por un programa de la Secretar\u00eda de Desarrollo Agrario, Territorial y Urbano (Sedatu).<\/p>\n\n\n\n<p>\u201cEllos no se nos han acercado en ning\u00fan momento, no ha venido Sedatu, no nos han explicado absolutamente nada y al igual que mis compa\u00f1eros existe el temor de que pase lo que ha pasado en otros lugares\u201d.<\/p>\n\n\n\n<p>El entrevistado record\u00f3 que los vendedores, en su mayor\u00eda de comida, temen que ocurra lo mismo que en el mercado de Comalcalco, en Tabasco, donde los locatarios fueron desalojados mediante el uso de la fuerza p\u00fablica para demoler el edificio y construir uno nuevo.<\/p>\n\n\n\n<p>\u201cEl miedo que se tiene en el mercado es que ya hay experiencias en otros lugares por parte de este programa que lleva la Sedatu y el gobierno federal, en el caso de Comalcalco tenemos fuentes fidedignas en el cual se utiliz\u00f3 la fuerza p\u00fablica, llegaron granaderos, se pusieron amparos y fueron atropellados sus derechos\u201d.<\/p>\n\n\n\n<p>Los locatarios colgaron lonas sobre la fachada del mercado \u201cLa Rotonda\u201d, donde se lee: \u201clocatarios del mercado Adolfo Ruiz Cortines, La Rotonda, exigimos a las autoridades que nos informen sobre el proyecto de remodelaci\u00f3n del programa de la Sedatu\u201d.<\/p>\n\n\n\n<p>Tambi\u00e9n hay mensajes con las siglas de su organizaci\u00f3n sindical, pues pertenecen a la Federaci\u00f3n Aut\u00e9ntica de Trabajadores del Estado de Veracruz (Fatev).<\/p>\n\n\n\n<p>Hace unos d\u00edas sostuvieron una reuni\u00f3n con personal del ayuntamiento de Xalapa y programaron una reuni\u00f3n con autoridades de Sedatu para el jueves 4 de febrero; sin embargo, no se presentaron.<\/p>\n\n\n\n<p>\u201cNo se nos ha presentado ning\u00fan proyecto ejecutivo, solamente nos dicen que hoy (viernes) vienen a hacer un estudio de suelo, pero no sabemos qu\u00e9 tan avanzado va, si ya est\u00e1 licitado, si ya tienen el proyecto hecho\u201d, enfatiz\u00f3 Moro Ponce.<\/p>\n","protected":false},"excerpt":{"rendered":"<p>Juan Arcos Xalapa, Ver.- Integrantes del comit\u00e9 del mercado \u201cAdolfo Ruiz Cortines\u201d, mejor conocido como \u201cLa Rotonda\u201d, pidieron a las autoridades de los tres niveles de gobierno que informen sobre los alcances del proyecto para la remodelaci\u00f3n del inmueble. Los locatarios tienen incertidumbre y temen que haya afectaciones a su actividad comercial por los trabajos [&hellip;]<\/p>\n","protected":false},"author":1,"featured_media":10855,"comment_status":"open","ping_status":"open","sticky":false,"template":"","format":"standard","meta":{"_jetpack_memberships_contains_paid_content":false,"footnotes":""},"categories":[3],"tags":[],"class_list":["post-10854","post","type-post","status-publish","format-standard","has-post-thumbnail","hentry","category-xalapa"],"jetpack_featured_media_url":"https:\/\/encuentroinformativo.com.mx\/wp-content\/uploads\/2021\/02\/DA0279C3-65C8-45B0-8D72-1F307F036092.jpeg","jetpack_sharing_enabled":true,"jetpack_likes_enabled":true,"amp_enabled":true,"_links":{"self":[{"href":"https:\/\/encuentroinformativo.com.mx\/index.php?rest_route=\/wp\/v2\/posts\/10854","targetHints":{"allow":["GET"]}}],"collection":[{"href":"https:\/\/encuentroinformativo.com.mx\/index.php?rest_route=\/wp\/v2\/posts"}],"about":[{"href":"https:\/\/encuentroinformativo.com.mx\/index.php?rest_route=\/wp\/v2\/types\/post"}],"author":[{"embeddable":true,"href":"https:\/\/encuentroinformativo.com.mx\/index.php?rest_route=\/wp\/v2\/users\/1"}],"replies":[{"embeddable":true,"href":"https:\/\/encuentroinformativo.com.mx\/index.php?rest_route=%2Fwp%2Fv2%2Fcomments&post=10854"}],"version-history":[{"count":1,"href":"https:\/\/encuentroinformativo.com.mx\/index.php?rest_route=\/wp\/v2\/posts\/10854\/revisions"}],"predecessor-version":[{"id":10856,"href":"https:\/\/encuentroinformativo.com.mx\/index.php?rest_route=\/wp\/v2\/posts\/10854\/revisions\/10856"}],"wp:featuredmedia":[{"embeddable":true,"href":"https:\/\/encuentroinformativo.com.mx\/index.php?rest_route=\/wp\/v2\/media\/10855"}],"wp:attachment":[{"href":"https:\/\/encuentroinformativo.com.mx\/index.php?rest_route=%2Fwp%2Fv2%2Fmedia&parent=10854"}],"wp:term":[{"taxonomy":"category","embeddable":true,"href":"https:\/\/encuentroinformativo.com.mx\/index.php?rest_route=%2Fwp%2Fv2%2Fcategories&post=10854"},{"taxonomy":"post_tag","embeddable":true,"href":"https:\/\/encuentroinformativo.com.mx\/index.php?rest_route=%2Fwp%2Fv2%2Ftags&post=10854"}],"curies":[{"name":"wp","href":"https:\/\/api.w.org\/{rel}","templated":true}]}}