{"id":10862,"date":"2021-02-05T17:22:39","date_gmt":"2021-02-05T23:22:39","guid":{"rendered":"https:\/\/encuentroinformativo.com.mx\/?p=10862"},"modified":"2021-02-05T17:23:09","modified_gmt":"2021-02-05T23:23:09","slug":"recomiendan-a-periodistas-cuidar-la-sana-distancia","status":"publish","type":"post","link":"https:\/\/encuentroinformativo.com.mx\/?p=10862","title":{"rendered":"Recomiendan a periodistas cuidar la sana distancia"},"content":{"rendered":"\n<p><strong>Juan Arcos <\/strong><\/p>\n\n\n\n<p>Xalapa, Ver.- El secretario de Salud en Veracruz, Roberto Ramos Alor, pidi\u00f3 a los due\u00f1os de medios de comunicaci\u00f3n que sus reporteros trabajen desde casa para evitar que se expongan a un contagio de SARS-COV-2 (COVID-19).<\/p>\n\n\n\n<p>\u201cQueremos hacer un llamado, una convocatoria a los empresarios o propietarios de los medios de comunicaci\u00f3n, prensa, radio, televisi\u00f3n, as\u00ed como informaci\u00f3n digital, para que no aflojen las medidas de protecci\u00f3n sanitaria para sus colaboradores. Es decir, que en la medida posible, tambi\u00e9n puedan realizar el trabajo desde sus hogares\u201d.<\/p>\n\n\n\n<p>El funcionario estatal reconoci\u00f3 la labor de las y los periodistas en la entidad y el riesgo que enfrentan por la emergencia sanitaria, al desempe\u00f1ar sus actividades cotidianas en la obtenci\u00f3n de informaci\u00f3n.<\/p>\n\n\n\n<p>\u201cTodos los sectores de la poblaci\u00f3n son de suma importancia, desde luego, est\u00e1 el de las y los comunicadores que viven en esta entidad. Todas las y los periodistas que diariamente tienen que salir a trabajar, a buscar informaci\u00f3n, la nota del d\u00eda, a seguir la investigaci\u00f3n, buscar la entrevista, todo esto tambi\u00e9n implica un riesgo\u201d.<\/p>\n\n\n\n<p>Por primera vez en esta pandemia, el tambi\u00e9n Director de los Servicios de Salud de Veracruz (Sesver) exhort\u00f3 a los integrantes de los medios de comunicaci\u00f3n a cuidar su salud.<\/p>\n\n\n\n<p>\u201cInvitarlos a proteger y cuidar su salud, por ejemplo, cuando hagan entrevistas grupales o colectivas guarden la sana distancia, utilicen su cubrebocas e inmediatamente despu\u00e9s de su evento lavarse las manos y as\u00ed continuamente, de preferencia con agua y jab\u00f3n y si no tienen esto a la mano ah\u00ed est\u00e1 el alcohol, el gel al 70 por ciento\u201d.<\/p>\n\n\n\n<p>Cabe mencionar que la mayor\u00eda de los comunicadores en la entidad carecen de seguridad social; sin embargo, Ramos Alor record\u00f3 que la Secretar\u00eda de Salud implement\u00f3 un programa de asistencia m\u00e9dica exclusiva para periodistas.<\/p>\n\n\n\n<p>\u201cEviten las reuniones o fiestas, adem\u00e1s est\u00e9n muy pendientes de su estado de salud, no dejen pasar tanto tiempo en la aparici\u00f3n de los primeros s\u00edntomas, recuerden que el gobierno del estado a trav\u00e9s de la secretar\u00eda de Salud implement\u00f3 un programa de asistencia m\u00e9dica exclusiva para periodistas\u201d.<\/p>\n\n\n\n<p>Recientemente, en la capital del estado, en el puerto de Veracruz y Coatzacoalcos se supo de manera extraoficial sobre reporteras y reporteros que dieron positivo a la prueba de coronavirus.<\/p>\n\n\n\n<p>Xalapa es la segunda ciudad que reporta el mayor n\u00famero de contagios acumulados con 3 mil 808 casos, 578 defunciones y 801 sospechosos, situaci\u00f3n que la coloca entre los 106 municipios en sem\u00e1foro epidemiol\u00f3gico color naranja, de riesgo alto de contagio.\u00a0<br>En el puerto de Veracruz se contabilizaron 10 mil 722 contagios, mil 273 fallecimientos y mil 259 casos en investigaci\u00f3n. Adem\u00e1s, en Coatzacoalcos se reportan 3 mil 7 casos positivos acumulados, 595 fallecimientos y 2 mil 530 sospechosos.<\/p>\n","protected":false},"excerpt":{"rendered":"<p>Juan Arcos Xalapa, Ver.- El secretario de Salud en Veracruz, Roberto Ramos Alor, pidi\u00f3 a los due\u00f1os de medios de comunicaci\u00f3n que sus reporteros trabajen desde casa para evitar que se expongan a un contagio de SARS-COV-2 (COVID-19). \u201cQueremos hacer un llamado, una convocatoria a los empresarios o propietarios de los medios de comunicaci\u00f3n, prensa, [&hellip;]<\/p>\n","protected":false},"author":1,"featured_media":10861,"comment_status":"open","ping_status":"open","sticky":false,"template":"","format":"standard","meta":{"_jetpack_memberships_contains_paid_content":false,"footnotes":""},"categories":[9],"tags":[],"class_list":["post-10862","post","type-post","status-publish","format-standard","has-post-thumbnail","hentry","category-salud"],"jetpack_featured_media_url":"https:\/\/encuentroinformativo.com.mx\/wp-content\/uploads\/2021\/02\/294C3541-DEF7-46A6-94FD-FFDCABEB1C1A.jpeg","jetpack_sharing_enabled":true,"jetpack_likes_enabled":true,"amp_enabled":true,"_links":{"self":[{"href":"https:\/\/encuentroinformativo.com.mx\/index.php?rest_route=\/wp\/v2\/posts\/10862","targetHints":{"allow":["GET"]}}],"collection":[{"href":"https:\/\/encuentroinformativo.com.mx\/index.php?rest_route=\/wp\/v2\/posts"}],"about":[{"href":"https:\/\/encuentroinformativo.com.mx\/index.php?rest_route=\/wp\/v2\/types\/post"}],"author":[{"embeddable":true,"href":"https:\/\/encuentroinformativo.com.mx\/index.php?rest_route=\/wp\/v2\/users\/1"}],"replies":[{"embeddable":true,"href":"https:\/\/encuentroinformativo.com.mx\/index.php?rest_route=%2Fwp%2Fv2%2Fcomments&post=10862"}],"version-history":[{"count":1,"href":"https:\/\/encuentroinformativo.com.mx\/index.php?rest_route=\/wp\/v2\/posts\/10862\/revisions"}],"predecessor-version":[{"id":10863,"href":"https:\/\/encuentroinformativo.com.mx\/index.php?rest_route=\/wp\/v2\/posts\/10862\/revisions\/10863"}],"wp:featuredmedia":[{"embeddable":true,"href":"https:\/\/encuentroinformativo.com.mx\/index.php?rest_route=\/wp\/v2\/media\/10861"}],"wp:attachment":[{"href":"https:\/\/encuentroinformativo.com.mx\/index.php?rest_route=%2Fwp%2Fv2%2Fmedia&parent=10862"}],"wp:term":[{"taxonomy":"category","embeddable":true,"href":"https:\/\/encuentroinformativo.com.mx\/index.php?rest_route=%2Fwp%2Fv2%2Fcategories&post=10862"},{"taxonomy":"post_tag","embeddable":true,"href":"https:\/\/encuentroinformativo.com.mx\/index.php?rest_route=%2Fwp%2Fv2%2Ftags&post=10862"}],"curies":[{"name":"wp","href":"https:\/\/api.w.org\/{rel}","templated":true}]}}