{"id":10864,"date":"2021-02-05T19:54:20","date_gmt":"2021-02-06T01:54:20","guid":{"rendered":"https:\/\/encuentroinformativo.com.mx\/?p=10864"},"modified":"2021-02-05T19:54:40","modified_gmt":"2021-02-06T01:54:40","slug":"jovenes-pilar-de-veracruz-gonzalo-guizar","status":"publish","type":"post","link":"https:\/\/encuentroinformativo.com.mx\/?p=10864","title":{"rendered":"J\u00f3venes, pilar de Veracruz: Gonzalo Gu\u00edzar"},"content":{"rendered":"\n<p><strong>*Sostiene el dirigente estatal del Partido Encuentro Solidario una reuni\u00f3n con j\u00f3venes de la regi\u00f3n de Perote<\/strong>.<\/p>\n\n\n\n<p>Las Vigas de Ram\u00edrez, Ver.- \u00abLa juventud debe convertirse en el pilar fundamental de la pol\u00edtica del PES\u00bb, afirm\u00f3 el presidente estatal de dicho partido, Gonzalo Gu\u00edzar Valladares, al sostener un encuentro con m\u00e1s de 30 l\u00edderes juveniles de los municipios de Tatatila, Acajete y Las Vigas.<\/p>\n\n\n\n<p>Junto al l\u00edder estatal del Movimiento de J\u00f3venes del PES, Fernando V\u00e1zquez Ferman, el diputado Gu\u00edzar Valladares invit\u00f3 a las y los j\u00f3venes congregados a atreverse a participar en pol\u00edtica, para darle un giro a las instituciones de Veracruz y M\u00e9xico.<\/p>\n\n\n\n<p>Gonzalo Gu\u00edzar ejemplific\u00f3 que el padr\u00f3n electoral de Las Vigas est\u00e1 compuesto en un 30% por votantes de entre 18 y 29 a\u00f1os, por lo que los j\u00f3venes ser\u00e1n considerados por el Partido Encuentro Solidario para contender por diputaciones federales, diputaciones locales, alcald\u00edas, sindicaturas y regidur\u00edas.<\/p>\n\n\n\n<p>Jessica Rojo Morales, Secretaria Adjunta a la Presidencia del Movimiento Estatal de J\u00f3venes del PES, hizo uso de la voz para resaltar inquietudes que tiene la juventud en los momentos actuales.<\/p>\n\n\n\n<p>Tambi\u00e9n asistieron Laura Rub\u00ed Garc\u00eda Hern\u00e1ndez, Enlace Universitario del Movimiento Estatal de J\u00f3venes del PES; Miguel Crisanto Zamora, Secretario Adjunto a la Presidencia del Movimiento Estatal de J\u00f3venes del PES; y Mario Giuseppe Olivares Belli, Secretario General del Movimiento Estatal de J\u00f3venes del PES.<\/p>\n\n\n\n<p>Igualmente estuvo el coordinador estatal de Movimientos Sectoriales del PES, Miguel \u00c1ngel Cabrera; el secretario de Estrategia Electoral, Juan Montan\u00e9; el secretario de Organizaci\u00f3n, Juan Carlos Olvera; as\u00ed como Horacio Landa, operador pol\u00edtico en la regi\u00f3n.<\/p>\n\n\n\n<p>El evento sirvi\u00f3 de escenario para que se formalice el ingreso de Juan Fernando Rodr\u00edguez Hern\u00e1ndez, como Director del Comit\u00e9 de J\u00f3venes del Distrito Federal IX del Partido Encuentro Solidario.<\/p>\n","protected":false},"excerpt":{"rendered":"<p>*Sostiene el dirigente estatal del Partido Encuentro Solidario una reuni\u00f3n con j\u00f3venes de la regi\u00f3n de Perote. Las Vigas de Ram\u00edrez, Ver.- \u00abLa juventud debe convertirse en el pilar fundamental de la pol\u00edtica del PES\u00bb, afirm\u00f3 el presidente estatal de dicho partido, Gonzalo Gu\u00edzar Valladares, al sostener un encuentro con m\u00e1s de 30 l\u00edderes juveniles [&hellip;]<\/p>\n","protected":false},"author":1,"featured_media":10865,"comment_status":"open","ping_status":"open","sticky":false,"template":"","format":"standard","meta":{"_jetpack_memberships_contains_paid_content":false,"footnotes":""},"categories":[2],"tags":[],"class_list":["post-10864","post","type-post","status-publish","format-standard","has-post-thumbnail","hentry","category-estado"],"jetpack_featured_media_url":"https:\/\/encuentroinformativo.com.mx\/wp-content\/uploads\/2021\/02\/53FD03BF-610A-4644-9CF2-6E126B6ADC85.jpeg","jetpack_sharing_enabled":true,"jetpack_likes_enabled":true,"amp_enabled":true,"_links":{"self":[{"href":"https:\/\/encuentroinformativo.com.mx\/index.php?rest_route=\/wp\/v2\/posts\/10864","targetHints":{"allow":["GET"]}}],"collection":[{"href":"https:\/\/encuentroinformativo.com.mx\/index.php?rest_route=\/wp\/v2\/posts"}],"about":[{"href":"https:\/\/encuentroinformativo.com.mx\/index.php?rest_route=\/wp\/v2\/types\/post"}],"author":[{"embeddable":true,"href":"https:\/\/encuentroinformativo.com.mx\/index.php?rest_route=\/wp\/v2\/users\/1"}],"replies":[{"embeddable":true,"href":"https:\/\/encuentroinformativo.com.mx\/index.php?rest_route=%2Fwp%2Fv2%2Fcomments&post=10864"}],"version-history":[{"count":1,"href":"https:\/\/encuentroinformativo.com.mx\/index.php?rest_route=\/wp\/v2\/posts\/10864\/revisions"}],"predecessor-version":[{"id":10866,"href":"https:\/\/encuentroinformativo.com.mx\/index.php?rest_route=\/wp\/v2\/posts\/10864\/revisions\/10866"}],"wp:featuredmedia":[{"embeddable":true,"href":"https:\/\/encuentroinformativo.com.mx\/index.php?rest_route=\/wp\/v2\/media\/10865"}],"wp:attachment":[{"href":"https:\/\/encuentroinformativo.com.mx\/index.php?rest_route=%2Fwp%2Fv2%2Fmedia&parent=10864"}],"wp:term":[{"taxonomy":"category","embeddable":true,"href":"https:\/\/encuentroinformativo.com.mx\/index.php?rest_route=%2Fwp%2Fv2%2Fcategories&post=10864"},{"taxonomy":"post_tag","embeddable":true,"href":"https:\/\/encuentroinformativo.com.mx\/index.php?rest_route=%2Fwp%2Fv2%2Ftags&post=10864"}],"curies":[{"name":"wp","href":"https:\/\/api.w.org\/{rel}","templated":true}]}}