{"id":1087,"date":"2020-03-19T13:01:48","date_gmt":"2020-03-19T19:01:48","guid":{"rendered":"https:\/\/encuentroinformativo.com\/?p=1087"},"modified":"2020-03-19T13:01:50","modified_gmt":"2020-03-19T19:01:50","slug":"privan-de-la-libertad-a-dos-policias-de-ixtaczoquitlan","status":"publish","type":"post","link":"https:\/\/encuentroinformativo.com.mx\/?p=1087","title":{"rendered":"Privan de la libertad a dos polic\u00edas de Ixtaczoquitl\u00e1n"},"content":{"rendered":"\n<p><strong>Redacci\u00f3n <\/strong><\/p>\n\n\n\n<p>Ixtaczoquitl\u00e1n, Ver.- Dos polic\u00edas municipales de Ixtaczoquitl\u00e1n fueron reportados como desaparecidos la noche del mi\u00e9rcoles. <\/p>\n\n\n\n<p>Motivo por el cual en la zona se mantiene un fuerte operativo de b\u00fasqueda. <\/p>\n\n\n\n<p>Los gendarmes que no han sido localizados responden a los nombres de Miguel Amayo Castillo, de 31 a\u00f1os y Jorge Enriquez Guadalupe, de 34 a\u00f1os. <\/p>\n\n\n\n<p>De acuerdo a los reportes, la noche del mi\u00e9rcoles los uniformados acudieron a Moyoapan, donde se report\u00f3 una ri\u00f1a, por lo que se trasladaron a atender ese auxilio. <\/p>\n\n\n\n<p>Sin embargo, los gendarmes no volvieron a comunicarse a su base, por lo que, varios de sus compa\u00f1eros arribaron al poblado para saber que pasaba. <\/p>\n\n\n\n<p>Posteriormente la unidad SPM233 fue encontrada sin rastros de violencia pero no se localiz\u00f3 a los policias. <\/p>\n\n\n\n<p>A la par se reportaron ri\u00f1as y detonaciones de arma de fuego hasta pasadas las 21:00 horas. <\/p>\n\n\n\n<p>Hasta el momento no se tienen noticias de los dos preventivos, por cuya integridad f\u00edsica se teme.<\/p>\n","protected":false},"excerpt":{"rendered":"<p>Redacci\u00f3n Ixtaczoquitl\u00e1n, Ver.- Dos polic\u00edas municipales de Ixtaczoquitl\u00e1n fueron reportados como desaparecidos la noche del mi\u00e9rcoles. Motivo por el cual en la zona se mantiene un fuerte operativo de b\u00fasqueda. Los gendarmes que no han sido localizados responden a los nombres de Miguel Amayo Castillo, de 31 a\u00f1os y Jorge Enriquez Guadalupe, de 34 a\u00f1os. [&hellip;]<\/p>\n","protected":false},"author":1,"featured_media":1088,"comment_status":"open","ping_status":"open","sticky":false,"template":"","format":"standard","meta":{"_jetpack_memberships_contains_paid_content":false,"footnotes":""},"categories":[14],"tags":[],"class_list":["post-1087","post","type-post","status-publish","format-standard","has-post-thumbnail","hentry","category-policiaca"],"jetpack_featured_media_url":"https:\/\/encuentroinformativo.com.mx\/wp-content\/uploads\/2020\/03\/E9DA2131-7A57-4E66-8DFE-FCDC92AAD34B.jpeg","jetpack_sharing_enabled":true,"jetpack_likes_enabled":true,"amp_enabled":true,"_links":{"self":[{"href":"https:\/\/encuentroinformativo.com.mx\/index.php?rest_route=\/wp\/v2\/posts\/1087","targetHints":{"allow":["GET"]}}],"collection":[{"href":"https:\/\/encuentroinformativo.com.mx\/index.php?rest_route=\/wp\/v2\/posts"}],"about":[{"href":"https:\/\/encuentroinformativo.com.mx\/index.php?rest_route=\/wp\/v2\/types\/post"}],"author":[{"embeddable":true,"href":"https:\/\/encuentroinformativo.com.mx\/index.php?rest_route=\/wp\/v2\/users\/1"}],"replies":[{"embeddable":true,"href":"https:\/\/encuentroinformativo.com.mx\/index.php?rest_route=%2Fwp%2Fv2%2Fcomments&post=1087"}],"version-history":[{"count":1,"href":"https:\/\/encuentroinformativo.com.mx\/index.php?rest_route=\/wp\/v2\/posts\/1087\/revisions"}],"predecessor-version":[{"id":1089,"href":"https:\/\/encuentroinformativo.com.mx\/index.php?rest_route=\/wp\/v2\/posts\/1087\/revisions\/1089"}],"wp:featuredmedia":[{"embeddable":true,"href":"https:\/\/encuentroinformativo.com.mx\/index.php?rest_route=\/wp\/v2\/media\/1088"}],"wp:attachment":[{"href":"https:\/\/encuentroinformativo.com.mx\/index.php?rest_route=%2Fwp%2Fv2%2Fmedia&parent=1087"}],"wp:term":[{"taxonomy":"category","embeddable":true,"href":"https:\/\/encuentroinformativo.com.mx\/index.php?rest_route=%2Fwp%2Fv2%2Fcategories&post=1087"},{"taxonomy":"post_tag","embeddable":true,"href":"https:\/\/encuentroinformativo.com.mx\/index.php?rest_route=%2Fwp%2Fv2%2Ftags&post=1087"}],"curies":[{"name":"wp","href":"https:\/\/api.w.org\/{rel}","templated":true}]}}