{"id":10884,"date":"2021-02-06T17:45:17","date_gmt":"2021-02-06T23:45:17","guid":{"rendered":"https:\/\/encuentroinformativo.com.mx\/?p=10884"},"modified":"2021-02-06T17:45:19","modified_gmt":"2021-02-06T23:45:19","slug":"realiza-ine-veracruz-primera-insaculacion-para-proceso-electoral","status":"publish","type":"post","link":"https:\/\/encuentroinformativo.com.mx\/?p=10884","title":{"rendered":"Realiza INE Veracruz primera insaculaci\u00f3n para proceso electoral"},"content":{"rendered":"\n<p>Xalapa, Ver.- Un total de 779 mil 490\u00a0veracruzanas y veracruzanos,\u00a0de los cuales\u00a0407 mil 817 son mujeres  y 371 mil 673\u00a0son\u00a0hombres,\u00a0participar\u00e1n en el proceso\u00a0de integraci\u00f3n de las\u00a0Mesas Directivas de\u00a0Casilla\u00a0en\u00a0el\u00a0Estado de Veracruz y\u00a0ser\u00e1n\u00a0quienes,\u00a0en\u00a0los pr\u00f3ximos d\u00edas,\u00a0recibir\u00e1n en sus domicilios la\u00a0visita\u00a0de\u00a0las y los\u00a0Capacitadores\/as-Asistentes Electorales (CAE)\u00a0del\u00a0Instituto Nacional Electoral\u00a0(INE)\u00a0para realizar\u00a0la\u00a0notificaci\u00f3n y capacitaci\u00f3n correspondiente.<\/p>\n\n\n\n<p>As\u00ed lo inform\u00f3 Josu\u00e9 Cervantes Mart\u00ednez, Presidente del Consejo Local de INE en el Estado de Veracruz, \u201cel d\u00eda de hoy sesionaronde forma exitosa las veinte Juntas Distritales Ejecutivas del INE en la entidad y realizaron la&nbsp;primera insaculaci\u00f3n, en \u00e9sta&nbsp;se sorte\u00f3 al 13% de la Lista&nbsp;Nominal de Electores del&nbsp;Estado, que de acuerdo al corte del 15 de enero,&nbsp;asciende a 5&nbsp;millones&nbsp;898&nbsp;mil&nbsp;870 ciudadanas y ciudadanos\u201d.<\/p>\n\n\n\n<p>Refiri\u00f3 que&nbsp;el pasado 15 de diciembre&nbsp;de 2020,&nbsp;el Consejo General de INE&nbsp;acord\u00f3,&nbsp;mediante sorteo,&nbsp;que&nbsp;las y los ciudadanos que nacieron en agosto y septiembre&nbsp;ser\u00edan&nbsp;convocados para integrar las mesas directivas de casilla y contar los votos en el Proceso Electoral Federal y concurrente 2020-2021.&nbsp;\u201cY&nbsp;el pasado 3 de febrero,&nbsp;en&nbsp;un segundo sorteo realizado por el m\u00e1ximo \u00f3rgano de direcci\u00f3n,&nbsp;&nbsp;se&nbsp;determin\u00f3 que las y los ciudadanos cuyo primer apellido inicie con la letra \u201cA\u201d&nbsp;ser\u00e1n&nbsp;las y&nbsp;los primeros en ser considerados&nbsp;para la integraci\u00f3n de las Mesas Directivas de Casilla\u201d.<\/p>\n\n\n\n<p>Cervantes Mart\u00ednez refiri\u00f3&nbsp;que&nbsp;todas las acciones que el&nbsp;Institutorealiza para&nbsp;convocar y designar a las y los&nbsp;posibles funcionarios electorales se llevan a cabo&nbsp;tal y como lo prev\u00e9 la Ley General de Instituciones y Procedimientos Electorales, as\u00ed como el Programa de Integraci\u00f3n de Mesas Directivas de Casilla y Capacitaci\u00f3n Electoral de la Estrategia de Capacitaci\u00f3n y&nbsp;Asistencia Electoral 2020-2021,&nbsp;\u201cel&nbsp;art\u00edculo 254 de la Ley General de&nbsp;Instituciones y Procedimientos Electorales&nbsp;se\u00f1ala que&nbsp;las&nbsp;juntas distritales ejecutivas deben&nbsp;realizar el procedimiento de&nbsp;insaculaci\u00f3n, de las listas nominales de electores integradas con los ciudadanos queobtuvieron su credencial para votar al 15 de diciembre&nbsp;del a\u00f1o previo a la elecci\u00f3n, con&nbsp;un 13% de&nbsp;ciudadanos de cada secci\u00f3n electoral, sin que en ning\u00fan caso el n\u00famero de&nbsp;ciudadanas yciudadanos&nbsp;insaculados sea menor a cincuenta\u201d, acot\u00f3.<\/p>\n\n\n\n<p>\u201cDe acuerdo a los calendarios del Instituto,&nbsp;la primera etapa de capacitaci\u00f3n se realizar\u00e1&nbsp;entre el 12 de febrero y el 31 de marzo de 2021&nbsp;y la segunda insaculaci\u00f3n tendr\u00e1 lugar&nbsp;el 8 de abril para, finalmente &nbsp;realizar una segunda etapa de capacitaci\u00f3n a partir del&nbsp;13 de abril\u201d, concluy\u00f3.<\/p>\n","protected":false},"excerpt":{"rendered":"<p>Xalapa, Ver.- Un total de 779 mil 490\u00a0veracruzanas y veracruzanos,\u00a0de los cuales\u00a0407 mil 817 son mujeres y 371 mil 673\u00a0son\u00a0hombres,\u00a0participar\u00e1n en el proceso\u00a0de integraci\u00f3n de las\u00a0Mesas Directivas de\u00a0Casilla\u00a0en\u00a0el\u00a0Estado de Veracruz y\u00a0ser\u00e1n\u00a0quienes,\u00a0en\u00a0los pr\u00f3ximos d\u00edas,\u00a0recibir\u00e1n en sus domicilios la\u00a0visita\u00a0de\u00a0las y los\u00a0Capacitadores\/as-Asistentes Electorales (CAE)\u00a0del\u00a0Instituto Nacional Electoral\u00a0(INE)\u00a0para realizar\u00a0la\u00a0notificaci\u00f3n y capacitaci\u00f3n correspondiente. As\u00ed lo inform\u00f3 Josu\u00e9 Cervantes Mart\u00ednez, Presidente del [&hellip;]<\/p>\n","protected":false},"author":1,"featured_media":10885,"comment_status":"open","ping_status":"open","sticky":false,"template":"","format":"standard","meta":{"_jetpack_memberships_contains_paid_content":false,"footnotes":""},"categories":[2],"tags":[],"class_list":["post-10884","post","type-post","status-publish","format-standard","has-post-thumbnail","hentry","category-estado"],"jetpack_featured_media_url":"https:\/\/encuentroinformativo.com.mx\/wp-content\/uploads\/2021\/02\/92F12624-FF22-4404-9970-21E237EBF35A.jpeg","jetpack_sharing_enabled":true,"jetpack_likes_enabled":true,"amp_enabled":true,"_links":{"self":[{"href":"https:\/\/encuentroinformativo.com.mx\/index.php?rest_route=\/wp\/v2\/posts\/10884","targetHints":{"allow":["GET"]}}],"collection":[{"href":"https:\/\/encuentroinformativo.com.mx\/index.php?rest_route=\/wp\/v2\/posts"}],"about":[{"href":"https:\/\/encuentroinformativo.com.mx\/index.php?rest_route=\/wp\/v2\/types\/post"}],"author":[{"embeddable":true,"href":"https:\/\/encuentroinformativo.com.mx\/index.php?rest_route=\/wp\/v2\/users\/1"}],"replies":[{"embeddable":true,"href":"https:\/\/encuentroinformativo.com.mx\/index.php?rest_route=%2Fwp%2Fv2%2Fcomments&post=10884"}],"version-history":[{"count":1,"href":"https:\/\/encuentroinformativo.com.mx\/index.php?rest_route=\/wp\/v2\/posts\/10884\/revisions"}],"predecessor-version":[{"id":10886,"href":"https:\/\/encuentroinformativo.com.mx\/index.php?rest_route=\/wp\/v2\/posts\/10884\/revisions\/10886"}],"wp:featuredmedia":[{"embeddable":true,"href":"https:\/\/encuentroinformativo.com.mx\/index.php?rest_route=\/wp\/v2\/media\/10885"}],"wp:attachment":[{"href":"https:\/\/encuentroinformativo.com.mx\/index.php?rest_route=%2Fwp%2Fv2%2Fmedia&parent=10884"}],"wp:term":[{"taxonomy":"category","embeddable":true,"href":"https:\/\/encuentroinformativo.com.mx\/index.php?rest_route=%2Fwp%2Fv2%2Fcategories&post=10884"},{"taxonomy":"post_tag","embeddable":true,"href":"https:\/\/encuentroinformativo.com.mx\/index.php?rest_route=%2Fwp%2Fv2%2Ftags&post=10884"}],"curies":[{"name":"wp","href":"https:\/\/api.w.org\/{rel}","templated":true}]}}