{"id":10887,"date":"2021-02-07T13:46:29","date_gmt":"2021-02-07T19:46:29","guid":{"rendered":"https:\/\/encuentroinformativo.com.mx\/?p=10887"},"modified":"2021-02-07T13:46:32","modified_gmt":"2021-02-07T19:46:32","slug":"niega-empresa-estar-detras-de-introduccion-de-gasoducto-en-coatepec","status":"publish","type":"post","link":"https:\/\/encuentroinformativo.com.mx\/?p=10887","title":{"rendered":"Niega empresa estar detr\u00e1s de introducci\u00f3n de gasoducto en Coatepec"},"content":{"rendered":"\n<p><strong>Juan Arcos <\/strong><\/p>\n\n\n\n<p>Xalapa, Ver.- La empresa <em>Nestl\u00e9<\/em> no est\u00e1 gestionando la introducci\u00f3n de un gasoducto en los municipios de Emiliano Zapata, Xalapa y Coatepec para el suministro de gas natural a su f\u00e1brica de l\u00e1cteos, ubicada en la congregaci\u00f3n La Ordu\u00f1a.<\/p>\n\n\n\n<p>As\u00ed lo dio a conocer Juan Carlos Pardo, director de Asuntos Corporativos en Nestl\u00e9 M\u00e9xico, quien a\u00f1adi\u00f3 que la compa\u00f1\u00eda utiliza gasoductos en diversas partes del pa\u00eds, pero donde no hay dicha estructura utilizan otros m\u00e9todos para el abastecimiento.<\/p>\n\n\n\n<p>\u201cSi en alg\u00fan momento hay un gasoducto que pase por ah\u00ed, claro que vamos a considerar utilizarlo, sin duda, porque en muchas partes de M\u00e9xico sucede y es un beneficio hasta para la sustentabilidad y las emisiones. Lo podr\u00edamos considerar, s\u00ed, estamos empujando para que se d\u00e9 el gasoducto, no, no somos nosotros quienes est\u00e1n empujando el proyecto\u201d.&nbsp;<\/p>\n\n\n\n<p>Agreg\u00f3 que al interior de la f\u00e1brica que est\u00e1 en La Ordu\u00f1a, en la entrada a Coatepec, habitan el gerente y el personal m\u00e1s cercano, junto con sus respectivas familias, por lo que las instalaciones cuentan con las debidas medidas de seguridad, para evitar accidentes.<\/p>\n\n\n\n<p>\u201cViven con sus familias adentro de la f\u00e1brica, imag\u00ednate si nosotros lo que busc\u00e1ramos ser\u00eda hacerles da\u00f1o, duermen ah\u00ed, entonces, la verdad es que tenemos la intenci\u00f3n de hacer bien las cosas\u201d.<\/p>\n\n\n\n<p>Juan Carlos Pardo detall\u00f3 que se ha modificado el trazo del gasoducto por la inconformidad de los pobladores de las tres ciudades mencionadas, pues en a\u00f1os anteriores ha habido manifestaciones para evitar su instalaci\u00f3n.<\/p>\n\n\n\n<p>\u201cSi es que la poblaci\u00f3n y el gobierno estatal consideran poner un gasoducto, pero primero va a empezar, entiendo, de manera habitacional para Xalapa, han cambiado los planes y dem\u00e1s, si en alg\u00fan momento llega a pasar por ah\u00ed claro que vamos a considerar utilizarlo\u201d, insisti\u00f3.<\/p>\n\n\n\n<p>Los vecinos de La Ordu\u00f1a son los que m\u00e1s se han opuesto al proyecto y recientemente amagaron con reactivar las protestas para impedir la introducci\u00f3n del gasoducto.<\/p>\n","protected":false},"excerpt":{"rendered":"<p>Juan Arcos Xalapa, Ver.- La empresa Nestl\u00e9 no est\u00e1 gestionando la introducci\u00f3n de un gasoducto en los municipios de Emiliano Zapata, Xalapa y Coatepec para el suministro de gas natural a su f\u00e1brica de l\u00e1cteos, ubicada en la congregaci\u00f3n La Ordu\u00f1a. As\u00ed lo dio a conocer Juan Carlos Pardo, director de Asuntos Corporativos en Nestl\u00e9 [&hellip;]<\/p>\n","protected":false},"author":1,"featured_media":10888,"comment_status":"open","ping_status":"open","sticky":false,"template":"","format":"standard","meta":{"_jetpack_memberships_contains_paid_content":false,"footnotes":""},"categories":[8],"tags":[],"class_list":["post-10887","post","type-post","status-publish","format-standard","has-post-thumbnail","hentry","category-region"],"jetpack_featured_media_url":"https:\/\/encuentroinformativo.com.mx\/wp-content\/uploads\/2021\/02\/0DB9D5BD-1493-4F16-909A-958416EC0973.jpeg","jetpack_sharing_enabled":true,"jetpack_likes_enabled":true,"amp_enabled":true,"_links":{"self":[{"href":"https:\/\/encuentroinformativo.com.mx\/index.php?rest_route=\/wp\/v2\/posts\/10887","targetHints":{"allow":["GET"]}}],"collection":[{"href":"https:\/\/encuentroinformativo.com.mx\/index.php?rest_route=\/wp\/v2\/posts"}],"about":[{"href":"https:\/\/encuentroinformativo.com.mx\/index.php?rest_route=\/wp\/v2\/types\/post"}],"author":[{"embeddable":true,"href":"https:\/\/encuentroinformativo.com.mx\/index.php?rest_route=\/wp\/v2\/users\/1"}],"replies":[{"embeddable":true,"href":"https:\/\/encuentroinformativo.com.mx\/index.php?rest_route=%2Fwp%2Fv2%2Fcomments&post=10887"}],"version-history":[{"count":1,"href":"https:\/\/encuentroinformativo.com.mx\/index.php?rest_route=\/wp\/v2\/posts\/10887\/revisions"}],"predecessor-version":[{"id":10889,"href":"https:\/\/encuentroinformativo.com.mx\/index.php?rest_route=\/wp\/v2\/posts\/10887\/revisions\/10889"}],"wp:featuredmedia":[{"embeddable":true,"href":"https:\/\/encuentroinformativo.com.mx\/index.php?rest_route=\/wp\/v2\/media\/10888"}],"wp:attachment":[{"href":"https:\/\/encuentroinformativo.com.mx\/index.php?rest_route=%2Fwp%2Fv2%2Fmedia&parent=10887"}],"wp:term":[{"taxonomy":"category","embeddable":true,"href":"https:\/\/encuentroinformativo.com.mx\/index.php?rest_route=%2Fwp%2Fv2%2Fcategories&post=10887"},{"taxonomy":"post_tag","embeddable":true,"href":"https:\/\/encuentroinformativo.com.mx\/index.php?rest_route=%2Fwp%2Fv2%2Ftags&post=10887"}],"curies":[{"name":"wp","href":"https:\/\/api.w.org\/{rel}","templated":true}]}}