{"id":10893,"date":"2021-02-07T14:36:44","date_gmt":"2021-02-07T20:36:44","guid":{"rendered":"https:\/\/encuentroinformativo.com.mx\/?p=10893"},"modified":"2021-02-07T14:36:47","modified_gmt":"2021-02-07T20:36:47","slug":"en-la-rotonda-locatarios-reportan-perdidas-del-60","status":"publish","type":"post","link":"https:\/\/encuentroinformativo.com.mx\/?p=10893","title":{"rendered":"En la Rotonda, locatarios reportan p\u00e9rdidas del 60%"},"content":{"rendered":"\n<p><strong>Juan Arcos<\/strong> <\/p>\n\n\n\n<p>Xalapa, Ver.- Locatarios del mercado \u201cAdolfo Ruiz Cortines\u201d, mejor conocido como \u201cLa Rotonda\u201d, reportaron p\u00e9rdidas econ\u00f3micas del 60 por ciento, derivado de la pandemia del SARS-COV-2 (COVID-19).<\/p>\n\n\n\n<p>De acuerdo con Sof\u00eda Carmona Guti\u00e9rrez, integrante del Comit\u00e9 del Mercado, los comerciantes no han podido recontratar a sus empleados por la falta de ingresos econ\u00f3micos.<\/p>\n\n\n\n<p>\u201cApenas si sale para nosotros, para el gasto de nuestro gas, de nuestra luz y todo eso, yo creo que por eso no hemos podido contratar a m\u00e1s personal\u201d.<\/p>\n\n\n\n<p>La entrevistada record\u00f3 que al inicio de la pandemia las ventas cayeron casi en su totalidad, situaci\u00f3n que dificult\u00f3 a\u00fan m\u00e1s su actividad comercial.<\/p>\n\n\n\n<p>Algunos vendedores tuvieron que cerrar sus locales por la misma crisis financiera o por pertenecer a grupos vulnerables en esta emergencia sanitaria, al padecer enfermedades cr\u00f3nicas degenerativas.<\/p>\n\n\n\n<p>\u201cLas ventas bajaron como un 60 por ciento, en un tiempo mucho m\u00e1s, estaba vac\u00edo el mercado. Cerraron muchos locales y todav\u00eda algunos compa\u00f1eros mantienen cerrado porque est\u00e1n delicados de salud y no pueden exponerse, otros tienen ni\u00f1os y tienen que quedarse en su casa\u201d.<\/p>\n\n\n\n<p>Durante un recorrido en dicho lugar, se constat\u00f3 que algunos locales permanecen cerrados y que otros casi no han tenido clientela.\u00a0<\/p>\n\n\n\n<p>Los comerciantes negaron que se hayan registrado casos positivos de coronavirus al interior del recinto comercial.<\/p>\n\n\n\n<p>Cabe mencionar que en dicho mercado hay 198 locatarios y la mayor\u00eda tiene negocios de comida, donde los vendedores portan cubrebocas y caretas, se aplican gel antibacterial, garantizan la sana distancia y piden a los clientes que adopten las mismas medidas sanitarias para evitar contagios.<\/p>\n","protected":false},"excerpt":{"rendered":"<p>Juan Arcos Xalapa, Ver.- Locatarios del mercado \u201cAdolfo Ruiz Cortines\u201d, mejor conocido como \u201cLa Rotonda\u201d, reportaron p\u00e9rdidas econ\u00f3micas del 60 por ciento, derivado de la pandemia del SARS-COV-2 (COVID-19). De acuerdo con Sof\u00eda Carmona Guti\u00e9rrez, integrante del Comit\u00e9 del Mercado, los comerciantes no han podido recontratar a sus empleados por la falta de ingresos econ\u00f3micos. [&hellip;]<\/p>\n","protected":false},"author":1,"featured_media":10894,"comment_status":"open","ping_status":"open","sticky":false,"template":"","format":"standard","meta":{"_jetpack_memberships_contains_paid_content":false,"footnotes":""},"categories":[3],"tags":[],"class_list":["post-10893","post","type-post","status-publish","format-standard","has-post-thumbnail","hentry","category-xalapa"],"jetpack_featured_media_url":"https:\/\/encuentroinformativo.com.mx\/wp-content\/uploads\/2021\/02\/29CE60CE-611B-4B77-AA06-F0B1B1ACB67D.jpeg","jetpack_sharing_enabled":true,"jetpack_likes_enabled":true,"amp_enabled":true,"_links":{"self":[{"href":"https:\/\/encuentroinformativo.com.mx\/index.php?rest_route=\/wp\/v2\/posts\/10893","targetHints":{"allow":["GET"]}}],"collection":[{"href":"https:\/\/encuentroinformativo.com.mx\/index.php?rest_route=\/wp\/v2\/posts"}],"about":[{"href":"https:\/\/encuentroinformativo.com.mx\/index.php?rest_route=\/wp\/v2\/types\/post"}],"author":[{"embeddable":true,"href":"https:\/\/encuentroinformativo.com.mx\/index.php?rest_route=\/wp\/v2\/users\/1"}],"replies":[{"embeddable":true,"href":"https:\/\/encuentroinformativo.com.mx\/index.php?rest_route=%2Fwp%2Fv2%2Fcomments&post=10893"}],"version-history":[{"count":1,"href":"https:\/\/encuentroinformativo.com.mx\/index.php?rest_route=\/wp\/v2\/posts\/10893\/revisions"}],"predecessor-version":[{"id":10895,"href":"https:\/\/encuentroinformativo.com.mx\/index.php?rest_route=\/wp\/v2\/posts\/10893\/revisions\/10895"}],"wp:featuredmedia":[{"embeddable":true,"href":"https:\/\/encuentroinformativo.com.mx\/index.php?rest_route=\/wp\/v2\/media\/10894"}],"wp:attachment":[{"href":"https:\/\/encuentroinformativo.com.mx\/index.php?rest_route=%2Fwp%2Fv2%2Fmedia&parent=10893"}],"wp:term":[{"taxonomy":"category","embeddable":true,"href":"https:\/\/encuentroinformativo.com.mx\/index.php?rest_route=%2Fwp%2Fv2%2Fcategories&post=10893"},{"taxonomy":"post_tag","embeddable":true,"href":"https:\/\/encuentroinformativo.com.mx\/index.php?rest_route=%2Fwp%2Fv2%2Ftags&post=10893"}],"curies":[{"name":"wp","href":"https:\/\/api.w.org\/{rel}","templated":true}]}}