{"id":10896,"date":"2021-02-07T14:45:13","date_gmt":"2021-02-07T20:45:13","guid":{"rendered":"https:\/\/encuentroinformativo.com.mx\/?p=10896"},"modified":"2021-02-07T14:45:15","modified_gmt":"2021-02-07T20:45:15","slug":"plantea-pes-reactivar-economia-del-norte-de-veracruz","status":"publish","type":"post","link":"https:\/\/encuentroinformativo.com.mx\/?p=10896","title":{"rendered":"Plantea PES reactivar econom\u00eda del norte de Veracruz"},"content":{"rendered":"\n<p>-Externan su situaci\u00f3n ante el dirigente estatal del Partido Encuentro Solidario.<\/p>\n\n\n\n<p>-Gonzalo Gu\u00edzar se re\u00fane con empresarios y sociedad civil<\/p>\n\n\n\n<p>-Se inauguran oficinas del PES en Poza Rica y Coatzintla<\/p>\n\n\n\n<p>Coatzintla, Ver.- Reuniones con empresarios, sociedad civil e inauguraci\u00f3n de las oficinas del PES en Poza Rica y Coatzintla, fueron aspectos que abarc\u00f3 la agenda del presidente estatal del Partido Encuentro Solidario, Gonzalo Gu\u00edzar Valladares, quien estuvo acompa\u00f1ado por Fernando V\u00e1zquez Ferman, dirigente del Movimiento Estatal de J\u00f3venes del partido.<\/p>\n\n\n\n<p>El diputado Gonzalo Gu\u00edzar estuvo con Carlos Mart\u00ednez Arellano inaugurando la sede del Comit\u00e9 Directivo Municipal de Poza Rica y donde ofreci\u00f3 una conferencia de prensa, en la que fue cuestionado acerca de los nombres de quienes ser\u00e1n candidatos a diputados y alcaldes en la zona norte de Veracruz; ante lo que el presidente del PES indic\u00f3 que hay una participaci\u00f3n amplia de la sociedad en su conjunto y sostuvo que, respetando los tiempos electorales, en unos d\u00edas dar\u00e1n a conocer nombres.<\/p>\n\n\n\n<p>En Cotzintla hizo lo propio, acompa\u00f1ado por Israel Dimas; donde hizo uso de la voz el dirigente estatal juvenil del PES, Fernando V\u00e1zquez Ferman, explicando que en Coatzintla el 30% del padr\u00f3n electoral es de votantes j\u00f3venes de entre 18 y 29 a\u00f1os, por lo que hizo un llamado a sacudir conciencias para que las mujeres y los hombres j\u00f3venes se animen a formar parte de las soluciones que reclaman hoy los problemas que como sociedad enfrentamos.<\/p>\n\n\n\n<p>La pandemia y la problem\u00e1tica derivada de la misma, han afectado a empresarios y sociedad civil en general, ante lo que en reuniones por separado, Gu\u00edzar Valladares sostuvo que el PES plantea una agenda integral de recuperaci\u00f3n econ\u00f3mica, para detener el creciente desempleo y el cierre de empresas en la zona norte de Veracruz.<\/p>\n\n\n\n<p>Los empresarios le externaron al presidente estatal del PES que el desempleo, la migraci\u00f3n laboral y la inseguridad, impactan de manera terrible a toda la zona. Ante lo que el diputado explic\u00f3 que la Plataforma Electoral del Partido Encuentro Solidario abarca tanto un Plan Integral de Recuperaci\u00f3n Econ\u00f3mica, como un Plan de Solidaridad Financiera.<\/p>\n\n\n\n<p>Igualmente recalc\u00f3 la propuesta que ha planteado el presidente nacional del PES, Hugo Eric Flores Cervantes, para reducir el IVA del 16 al 10% y el ISR del 32 al 20%.<\/p>\n\n\n\n<p>En otra reuni\u00f3n con miembros de la sociedad civil, en la que se hizo acompa\u00f1ar por el secretario de Estrategia Electoral, Juan Montan\u00e9, se habl\u00f3 del impacto negativo que est\u00e1 dejando el Covid 19 en la zona norte del estado, por lo que Gonzalo Gu\u00edzar Valladares reiter\u00f3 el llamado a cuidarnos pero hizo hincapi\u00e9 en que el PES busca implementar un Sistema Nacional de Pruebas Covid para lograr la accesibilidad a las mismas para toda la poblaci\u00f3n, priorizando a aquellas personas que por la actividad productiva que realizan est\u00e9n en contacto con un gran n\u00famero de personas.<\/p>\n\n\n\n<p>Juan Carlos Olvera Francisco y Miguel \u00c1ngel Cabrera Gordillo, acompa\u00f1aron al diputado Gu\u00edzar en calidad de integrantes del Comit\u00e9 Directivo Estatal; mientras que los j\u00f3venes Laura Rub\u00ed Garc\u00eda Hern\u00e1ndez, Miguel Crisanto Zamora, Jessica Rojo Morales y Mario Giuseppe Olivares Belli, del Movimiento Estatal de J\u00f3venes del PES, tambi\u00e9n estuvieron presentes en toda la gira.<\/p>\n","protected":false},"excerpt":{"rendered":"<p>-Externan su situaci\u00f3n ante el dirigente estatal del Partido Encuentro Solidario. -Gonzalo Gu\u00edzar se re\u00fane con empresarios y sociedad civil -Se inauguran oficinas del PES en Poza Rica y Coatzintla Coatzintla, Ver.- Reuniones con empresarios, sociedad civil e inauguraci\u00f3n de las oficinas del PES en Poza Rica y Coatzintla, fueron aspectos que abarc\u00f3 la agenda [&hellip;]<\/p>\n","protected":false},"author":1,"featured_media":10897,"comment_status":"open","ping_status":"open","sticky":false,"template":"","format":"standard","meta":{"_jetpack_memberships_contains_paid_content":false,"footnotes":""},"categories":[2],"tags":[],"class_list":["post-10896","post","type-post","status-publish","format-standard","has-post-thumbnail","hentry","category-estado"],"jetpack_featured_media_url":"https:\/\/encuentroinformativo.com.mx\/wp-content\/uploads\/2021\/02\/E314708F-E7B5-4EB9-8F79-FBD8E7727E6B.jpeg","jetpack_sharing_enabled":true,"jetpack_likes_enabled":true,"amp_enabled":true,"_links":{"self":[{"href":"https:\/\/encuentroinformativo.com.mx\/index.php?rest_route=\/wp\/v2\/posts\/10896","targetHints":{"allow":["GET"]}}],"collection":[{"href":"https:\/\/encuentroinformativo.com.mx\/index.php?rest_route=\/wp\/v2\/posts"}],"about":[{"href":"https:\/\/encuentroinformativo.com.mx\/index.php?rest_route=\/wp\/v2\/types\/post"}],"author":[{"embeddable":true,"href":"https:\/\/encuentroinformativo.com.mx\/index.php?rest_route=\/wp\/v2\/users\/1"}],"replies":[{"embeddable":true,"href":"https:\/\/encuentroinformativo.com.mx\/index.php?rest_route=%2Fwp%2Fv2%2Fcomments&post=10896"}],"version-history":[{"count":1,"href":"https:\/\/encuentroinformativo.com.mx\/index.php?rest_route=\/wp\/v2\/posts\/10896\/revisions"}],"predecessor-version":[{"id":10898,"href":"https:\/\/encuentroinformativo.com.mx\/index.php?rest_route=\/wp\/v2\/posts\/10896\/revisions\/10898"}],"wp:featuredmedia":[{"embeddable":true,"href":"https:\/\/encuentroinformativo.com.mx\/index.php?rest_route=\/wp\/v2\/media\/10897"}],"wp:attachment":[{"href":"https:\/\/encuentroinformativo.com.mx\/index.php?rest_route=%2Fwp%2Fv2%2Fmedia&parent=10896"}],"wp:term":[{"taxonomy":"category","embeddable":true,"href":"https:\/\/encuentroinformativo.com.mx\/index.php?rest_route=%2Fwp%2Fv2%2Fcategories&post=10896"},{"taxonomy":"post_tag","embeddable":true,"href":"https:\/\/encuentroinformativo.com.mx\/index.php?rest_route=%2Fwp%2Fv2%2Ftags&post=10896"}],"curies":[{"name":"wp","href":"https:\/\/api.w.org\/{rel}","templated":true}]}}