{"id":1090,"date":"2020-03-19T13:45:11","date_gmt":"2020-03-19T19:45:11","guid":{"rendered":"https:\/\/encuentroinformativo.com\/?p=1090"},"modified":"2020-03-19T13:45:13","modified_gmt":"2020-03-19T19:45:13","slug":"niegan-colectivos-recibir-beneficios-de-patrimonio-del-estado","status":"publish","type":"post","link":"https:\/\/encuentroinformativo.com.mx\/?p=1090","title":{"rendered":"Niegan colectivos recibir beneficios de Patrimonio del Estado"},"content":{"rendered":"\n<p><strong>Dar\u00edo Pale <\/strong><\/p>\n\n\n\n<p>Xalapa, Ver.- Integrantes de un colectivo que agrupa a varias organizaciones desmintieron que reciban beneficios especiales por parte de Patrimonio el Estado, pero aceptaron que en este gobierno han tenido un mucho mayor di\u00e1logo en la dependencia que en otros gobiernos.<\/p>\n\n\n\n<p>Entrevistado a un costado de palacio de gobierno Jos\u00e9 de Jes\u00fas Espa\u00f1a Cadena, dirigente de un colectivo que agrupa a varias organizaciones, indic\u00f3 \u00a0que hace unos d\u00edas, ante la destituci\u00f3n del titular de Patrimonio el Estado en algunos portales electr\u00f3nicos se mencion\u00f3 que el colectivo que dirige ha recibido beneficios especiales, lo cual es totalmente falso.<\/p>\n\n\n\n<p>\u201cAceptamos que tenemos o ten\u00edamos cercan\u00eda con quienes dirig\u00edan Patrimonio del Estado, pero es porque llev\u00e1bamos un trabajo de di\u00e1logo continuo y hab\u00eda avances por ello, pero eso no quiere decir que tengamos tratos por debajo de la mesa\u201d, se\u00f1al\u00f3.<\/p>\n\n\n\n<p>Indic\u00f3 que incluso, los portales electr\u00f3nicos mencionan que el colectivo que dirige aparece en varias carpetas de investigaci\u00f3n.<\/p>\n\n\n\n<p>\u201cSon carpetas e investigaciones que nosotros desconocemos, nosotros no sabemos de ellas porque no hemos cometido delito alguno, pero si esa informaci\u00f3n existe y si la tiene portales informativos es que alguien la filtr\u00f3 y es lo que deseamos saber ahora\u201d.<\/p>\n\n\n\n<p>Manifest\u00f3 que en el transcurso del d\u00eda le entregar\u00e1n al gobernador Cuitl\u00e1huac Garc\u00eda Jim\u00e9nez un documento por medio del cual le aclarar\u00e1n a situaci\u00f3n ya que no es justo que habiendo un reacomodo en la Direcci\u00f3n de Patrimonio del Estado.<\/p>\n\n\n\n<p>\u201cNos quieren arrastrar tambi\u00e9n a nosotros cuando estamos conscientes que hemos hecho nuestro trabajo durante varios meses con respecto, por lo cual hemos registrado avances sin beneficios especiales\u201d, acus\u00f3.<\/p>\n\n\n\n<p>Por \u00faltimo reiter\u00f3 que en este gobierno es en el que m\u00e1s los han escuchado y resuelto algunas gestiones y que ante los cambios desean seguir trabajando de la misma forma.<\/p>\n\n\n\n<p><\/p>\n","protected":false},"excerpt":{"rendered":"<p>Dar\u00edo Pale Xalapa, Ver.- Integrantes de un colectivo que agrupa a varias organizaciones desmintieron que reciban beneficios especiales por parte de Patrimonio el Estado, pero aceptaron que en este gobierno han tenido un mucho mayor di\u00e1logo en la dependencia que en otros gobiernos. Entrevistado a un costado de palacio de gobierno Jos\u00e9 de Jes\u00fas Espa\u00f1a [&hellip;]<\/p>\n","protected":false},"author":1,"featured_media":1091,"comment_status":"open","ping_status":"open","sticky":false,"template":"","format":"standard","meta":{"_jetpack_memberships_contains_paid_content":false,"footnotes":""},"categories":[2],"tags":[],"class_list":["post-1090","post","type-post","status-publish","format-standard","has-post-thumbnail","hentry","category-estado"],"jetpack_featured_media_url":"https:\/\/encuentroinformativo.com.mx\/wp-content\/uploads\/2020\/03\/A6076F67-1906-4E27-BDB3-9252394191B3.jpeg","jetpack_sharing_enabled":true,"jetpack_likes_enabled":true,"amp_enabled":true,"_links":{"self":[{"href":"https:\/\/encuentroinformativo.com.mx\/index.php?rest_route=\/wp\/v2\/posts\/1090","targetHints":{"allow":["GET"]}}],"collection":[{"href":"https:\/\/encuentroinformativo.com.mx\/index.php?rest_route=\/wp\/v2\/posts"}],"about":[{"href":"https:\/\/encuentroinformativo.com.mx\/index.php?rest_route=\/wp\/v2\/types\/post"}],"author":[{"embeddable":true,"href":"https:\/\/encuentroinformativo.com.mx\/index.php?rest_route=\/wp\/v2\/users\/1"}],"replies":[{"embeddable":true,"href":"https:\/\/encuentroinformativo.com.mx\/index.php?rest_route=%2Fwp%2Fv2%2Fcomments&post=1090"}],"version-history":[{"count":1,"href":"https:\/\/encuentroinformativo.com.mx\/index.php?rest_route=\/wp\/v2\/posts\/1090\/revisions"}],"predecessor-version":[{"id":1092,"href":"https:\/\/encuentroinformativo.com.mx\/index.php?rest_route=\/wp\/v2\/posts\/1090\/revisions\/1092"}],"wp:featuredmedia":[{"embeddable":true,"href":"https:\/\/encuentroinformativo.com.mx\/index.php?rest_route=\/wp\/v2\/media\/1091"}],"wp:attachment":[{"href":"https:\/\/encuentroinformativo.com.mx\/index.php?rest_route=%2Fwp%2Fv2%2Fmedia&parent=1090"}],"wp:term":[{"taxonomy":"category","embeddable":true,"href":"https:\/\/encuentroinformativo.com.mx\/index.php?rest_route=%2Fwp%2Fv2%2Fcategories&post=1090"},{"taxonomy":"post_tag","embeddable":true,"href":"https:\/\/encuentroinformativo.com.mx\/index.php?rest_route=%2Fwp%2Fv2%2Ftags&post=1090"}],"curies":[{"name":"wp","href":"https:\/\/api.w.org\/{rel}","templated":true}]}}