{"id":10912,"date":"2021-02-08T12:15:47","date_gmt":"2021-02-08T18:15:47","guid":{"rendered":"https:\/\/encuentroinformativo.com.mx\/?p=10912"},"modified":"2021-02-08T12:15:50","modified_gmt":"2021-02-08T18:15:50","slug":"xalapa-no-quiere-improvisaciones-david-velasco","status":"publish","type":"post","link":"https:\/\/encuentroinformativo.com.mx\/?p=10912","title":{"rendered":"Xalapa no quiere improvisaciones: David Velasco"},"content":{"rendered":"\n<p><strong>Redacci\u00f3n\u00a0<\/strong><\/p>\n\n\n\n<p>Xalapa, Ver.- Este lunes el empresario y ex alcalde xalape\u00f1o David Velasco Chedraui acudi\u00f3 a registrarse a las oficinas del Partido Revolucionario Institucional (PRI) como aspirante a la candidatura para la alcald\u00eda de la ciudad.&nbsp;<\/p>\n\n\n\n<p>Acompa\u00f1ado de su familia, afirm\u00f3 que la inseguridad y falta de empleos son de los problemas que m\u00e1s aquejan la ciudad por lo que dijo que \u201cXalapa ya no quiere improvisaciones\u201d.<\/p>\n\n\n\n<p>En ese sentido precis\u00f3: \u201cXalapa requiere un cambio, veo una falta de empleos important\u00edsima, el desempleo sigue creciendo y esto va de la mano con la inseguridad. Creo que el escenario que estamos viviendo no es el mejor. Es una lucha incansable, dif\u00edcil pero vamos a recuperar Xalapa\u201d.<\/p>\n\n\n\n<p>Velasco Chedraui se pronunci\u00f3 para no dejar que Xalapa \u201cse siga deteriorando\u201d, pues afirm\u00f3 que las improvisaciones y falta de experiencia de las autoridades han afectado las condiciones que se viven en el municipio.&nbsp;<\/p>\n\n\n\n<p>\u201cHay gente inexperta, y cuando se mete gente improvisada ah\u00ed est\u00e1n los resultados\u2026 Xalapa ya no requiere de improvisaciones\u201d, enfatiz\u00f3.&nbsp;<\/p>\n","protected":false},"excerpt":{"rendered":"<p>Redacci\u00f3n\u00a0 Xalapa, Ver.- Este lunes el empresario y ex alcalde xalape\u00f1o David Velasco Chedraui acudi\u00f3 a registrarse a las oficinas del Partido Revolucionario Institucional (PRI) como aspirante a la candidatura para la alcald\u00eda de la ciudad.&nbsp; Acompa\u00f1ado de su familia, afirm\u00f3 que la inseguridad y falta de empleos son de los problemas que m\u00e1s aquejan [&hellip;]<\/p>\n","protected":false},"author":1,"featured_media":10913,"comment_status":"open","ping_status":"open","sticky":false,"template":"","format":"standard","meta":{"_jetpack_memberships_contains_paid_content":false,"footnotes":""},"categories":[3],"tags":[],"class_list":["post-10912","post","type-post","status-publish","format-standard","has-post-thumbnail","hentry","category-xalapa"],"jetpack_featured_media_url":"https:\/\/encuentroinformativo.com.mx\/wp-content\/uploads\/2021\/02\/28BE39DF-6249-467C-A4D7-060DEBBD06FA.jpeg","jetpack_sharing_enabled":true,"jetpack_likes_enabled":true,"amp_enabled":true,"_links":{"self":[{"href":"https:\/\/encuentroinformativo.com.mx\/index.php?rest_route=\/wp\/v2\/posts\/10912","targetHints":{"allow":["GET"]}}],"collection":[{"href":"https:\/\/encuentroinformativo.com.mx\/index.php?rest_route=\/wp\/v2\/posts"}],"about":[{"href":"https:\/\/encuentroinformativo.com.mx\/index.php?rest_route=\/wp\/v2\/types\/post"}],"author":[{"embeddable":true,"href":"https:\/\/encuentroinformativo.com.mx\/index.php?rest_route=\/wp\/v2\/users\/1"}],"replies":[{"embeddable":true,"href":"https:\/\/encuentroinformativo.com.mx\/index.php?rest_route=%2Fwp%2Fv2%2Fcomments&post=10912"}],"version-history":[{"count":1,"href":"https:\/\/encuentroinformativo.com.mx\/index.php?rest_route=\/wp\/v2\/posts\/10912\/revisions"}],"predecessor-version":[{"id":10914,"href":"https:\/\/encuentroinformativo.com.mx\/index.php?rest_route=\/wp\/v2\/posts\/10912\/revisions\/10914"}],"wp:featuredmedia":[{"embeddable":true,"href":"https:\/\/encuentroinformativo.com.mx\/index.php?rest_route=\/wp\/v2\/media\/10913"}],"wp:attachment":[{"href":"https:\/\/encuentroinformativo.com.mx\/index.php?rest_route=%2Fwp%2Fv2%2Fmedia&parent=10912"}],"wp:term":[{"taxonomy":"category","embeddable":true,"href":"https:\/\/encuentroinformativo.com.mx\/index.php?rest_route=%2Fwp%2Fv2%2Fcategories&post=10912"},{"taxonomy":"post_tag","embeddable":true,"href":"https:\/\/encuentroinformativo.com.mx\/index.php?rest_route=%2Fwp%2Fv2%2Ftags&post=10912"}],"curies":[{"name":"wp","href":"https:\/\/api.w.org\/{rel}","templated":true}]}}