{"id":10919,"date":"2021-02-08T13:19:19","date_gmt":"2021-02-08T19:19:19","guid":{"rendered":"https:\/\/encuentroinformativo.com.mx\/?p=10919"},"modified":"2021-02-08T13:19:50","modified_gmt":"2021-02-08T19:19:50","slug":"suspenden-carnaval-de-veracruz-2021-realizaran-actividades-virtuales","status":"publish","type":"post","link":"https:\/\/encuentroinformativo.com.mx\/?p=10919","title":{"rendered":"Suspenden Carnaval de Veracruz 2021, realizar\u00e1n  actividades virtuales"},"content":{"rendered":"\n<p><strong>Alejandro \u00c1vila<\/strong><\/p>\n\n\n\n<p>Veracruz, Ver.- De manera formal qued\u00f3 suspendido el Carnaval de Veracruz 2021, mismo que se pretend\u00eda llevar a cabo en verano, dependiendo del avance de la vacunaci\u00f3n en M\u00e9xico; sin embargo y ante la lentitud en la aplicaci\u00f3n de vacunas, se decidi\u00f3 no llevar a cabo la fiesta m\u00e1s popular del Estado de forma presencial.<\/p>\n\n\n\n<p>El presidente del Comit\u00e9 de Carnaval, Luis Antonio P\u00e9rez Fraga, asegur\u00f3 que para no pasar como desapercibida esta fecha, que originalmente se ten\u00eda programado del 10 al 16 de febrero, ser\u00e1 el \u00faltimo fin de semana del mes, es decir del 25 al 28 de febrero cuando se realicen actividades virtuales para el deleite de millones de personas.<\/p>\n\n\n\n<p>Las actividades iniciar\u00e1n el jueves 25 de febrero, donde se har\u00e1 la Quema del Mal Humor, siendo \u201cEl Coronavirus\u201d el objetivo al que se le prendera fuego, \u201clo vamos a hacer de madrugada, por supuesto para evitar aglomeraciones, porque no queremos p\u00fablico presencial que podamos arriesgar\u201d.<\/p>\n\n\n\n<p>La coronaci\u00f3n de los Reyes de Carnaval ser\u00e1 el mismo jueves 25 de febrero, donde en esta ocasi\u00f3n se distinguir\u00e1 a Caritina Hern\u00e1ndez Viveros, la \u00faltima sobreviviente de las Bastoneras del 14, del barrio de \u201cLa Huaca\u201d, ser\u00e1 la soberana de estas fiestas 2021; mientras que Jos\u00e9 Manuel Cullel Meza \u201cManzanita\u201d, eterno bastonero, ser\u00e1 ungido como rey en esta edici\u00f3n.<\/p>\n\n\n\n<p>Del viernes 26 de febrero al domingo 28 de febrero, se har\u00e1n conversatorios con ex reinas de Carnaval, historiadores, adem\u00e1s de conciertos de grupos en vivo, y la transmisi\u00f3n de los desfiles de los a\u00f1os 2018, 2019 y 2020.<br>Todos los eventos ser\u00e1n transmitidos por la p\u00e1gina del Carnaval, por la televisora Telever y la p\u00e1gina del Ayuntamiento de Veracruz, \u201cVeracruz Te Quiero\u201d.<\/p>\n\n\n\n<p>Finalmente, se aclar\u00f3 que por respeto a las personas que han perdido la batalla contra el coronavirus, no se har\u00e1 una entierro de Juan Carnaval, pues habr\u00eda forzosamente que colocar un ata\u00fad, y si bien es una parodia de la muerte, se decidi\u00f3 omitir ese acto, pues no se consider\u00f3 pertinente.<\/p>\n","protected":false},"excerpt":{"rendered":"<p>Alejandro \u00c1vila Veracruz, Ver.- De manera formal qued\u00f3 suspendido el Carnaval de Veracruz 2021, mismo que se pretend\u00eda llevar a cabo en verano, dependiendo del avance de la vacunaci\u00f3n en M\u00e9xico; sin embargo y ante la lentitud en la aplicaci\u00f3n de vacunas, se decidi\u00f3 no llevar a cabo la fiesta m\u00e1s popular del Estado de [&hellip;]<\/p>\n","protected":false},"author":1,"featured_media":10920,"comment_status":"open","ping_status":"open","sticky":false,"template":"","format":"standard","meta":{"_jetpack_memberships_contains_paid_content":false,"footnotes":""},"categories":[2],"tags":[],"class_list":["post-10919","post","type-post","status-publish","format-standard","has-post-thumbnail","hentry","category-estado"],"jetpack_featured_media_url":"https:\/\/encuentroinformativo.com.mx\/wp-content\/uploads\/2021\/02\/863643A9-42B6-4603-B946-19D59B146956.jpeg","jetpack_sharing_enabled":true,"jetpack_likes_enabled":true,"amp_enabled":true,"_links":{"self":[{"href":"https:\/\/encuentroinformativo.com.mx\/index.php?rest_route=\/wp\/v2\/posts\/10919","targetHints":{"allow":["GET"]}}],"collection":[{"href":"https:\/\/encuentroinformativo.com.mx\/index.php?rest_route=\/wp\/v2\/posts"}],"about":[{"href":"https:\/\/encuentroinformativo.com.mx\/index.php?rest_route=\/wp\/v2\/types\/post"}],"author":[{"embeddable":true,"href":"https:\/\/encuentroinformativo.com.mx\/index.php?rest_route=\/wp\/v2\/users\/1"}],"replies":[{"embeddable":true,"href":"https:\/\/encuentroinformativo.com.mx\/index.php?rest_route=%2Fwp%2Fv2%2Fcomments&post=10919"}],"version-history":[{"count":1,"href":"https:\/\/encuentroinformativo.com.mx\/index.php?rest_route=\/wp\/v2\/posts\/10919\/revisions"}],"predecessor-version":[{"id":10921,"href":"https:\/\/encuentroinformativo.com.mx\/index.php?rest_route=\/wp\/v2\/posts\/10919\/revisions\/10921"}],"wp:featuredmedia":[{"embeddable":true,"href":"https:\/\/encuentroinformativo.com.mx\/index.php?rest_route=\/wp\/v2\/media\/10920"}],"wp:attachment":[{"href":"https:\/\/encuentroinformativo.com.mx\/index.php?rest_route=%2Fwp%2Fv2%2Fmedia&parent=10919"}],"wp:term":[{"taxonomy":"category","embeddable":true,"href":"https:\/\/encuentroinformativo.com.mx\/index.php?rest_route=%2Fwp%2Fv2%2Fcategories&post=10919"},{"taxonomy":"post_tag","embeddable":true,"href":"https:\/\/encuentroinformativo.com.mx\/index.php?rest_route=%2Fwp%2Fv2%2Ftags&post=10919"}],"curies":[{"name":"wp","href":"https:\/\/api.w.org\/{rel}","templated":true}]}}