{"id":10928,"date":"2021-02-08T14:01:43","date_gmt":"2021-02-08T20:01:43","guid":{"rendered":"https:\/\/encuentroinformativo.com.mx\/?p=10928"},"modified":"2021-02-08T14:01:45","modified_gmt":"2021-02-08T20:01:45","slug":"carnaval-si-aumenta-derrama-economica-en-veracruz-cometur","status":"publish","type":"post","link":"https:\/\/encuentroinformativo.com.mx\/?p=10928","title":{"rendered":"Carnaval s\u00ed aumenta derrama econ\u00f3mica en Veracruz: COMETUR"},"content":{"rendered":"\n<p><strong>Alejandro \u00c1vila<\/strong><\/p>\n\n\n\n<p>Veracruz, Ver.- El presidente del Consejo Metropolitano de Turismo, Sergio Lois Heredia, se\u00f1al\u00f3 que las fiesta de Carnaval no son consideradas como temporada alta por los empresarios tur\u00edsticos de la zona conurbada, pero aclar\u00f3 que s\u00ed aumentan la derrama econ\u00f3mica, sobre todo durante el fin de semana.<\/p>\n\n\n\n<p>El empresario hotelero, apunt\u00f3 que ya vislumbraban una cancelaci\u00f3n de los festejos del Carnaval, por lo que desde hace meses se proyectaron que para 2021 no habr\u00eda ese ingreso durante el mes de febrero.<\/p>\n\n\n\n<p>&#8220;La verdad es que no podemos decir que el Carnaval representa una temporada alta, representa un buen fin de semana en lo que es una temporada baja como lo es el mes de febreo o a veces principios de marzo, de dependiendo de cual sea la fecha en que caiga la fiesta&#8221;, subray\u00f3.<\/p>\n\n\n\n<p>Lois Heredia dijo que en 2020, a d\u00edas de ser declarada la alerta sanitaria por COVID 19, se tuvo un 70 por ciento de ocupaci\u00f3n hotelera durante la semana de Carnaval, llegando al cien por ciento en el fin de semana.<\/p>\n\n\n\n<p>&#8220;Y bueno, cuando estamos en temporada baja normal, no en pandemia, estamos hablando de fines de semana del 40 o 50 por ciento, entonces digamos que el Carnaval s\u00ed viene a incrementar en esos d\u00edas tal vez un 50 por ciento lo que es el porcentaje de ocupaci\u00f3n&#8221;, remat\u00f3.<\/p>\n","protected":false},"excerpt":{"rendered":"<p>Alejandro \u00c1vila Veracruz, Ver.- El presidente del Consejo Metropolitano de Turismo, Sergio Lois Heredia, se\u00f1al\u00f3 que las fiesta de Carnaval no son consideradas como temporada alta por los empresarios tur\u00edsticos de la zona conurbada, pero aclar\u00f3 que s\u00ed aumentan la derrama econ\u00f3mica, sobre todo durante el fin de semana. El empresario hotelero, apunt\u00f3 que ya [&hellip;]<\/p>\n","protected":false},"author":1,"featured_media":10929,"comment_status":"open","ping_status":"open","sticky":false,"template":"","format":"standard","meta":{"_jetpack_memberships_contains_paid_content":false,"footnotes":""},"categories":[2],"tags":[],"class_list":["post-10928","post","type-post","status-publish","format-standard","has-post-thumbnail","hentry","category-estado"],"jetpack_featured_media_url":"https:\/\/encuentroinformativo.com.mx\/wp-content\/uploads\/2021\/02\/4FE42895-CAAE-47FC-B803-5DA61845D889.jpeg","jetpack_sharing_enabled":true,"jetpack_likes_enabled":true,"amp_enabled":true,"_links":{"self":[{"href":"https:\/\/encuentroinformativo.com.mx\/index.php?rest_route=\/wp\/v2\/posts\/10928","targetHints":{"allow":["GET"]}}],"collection":[{"href":"https:\/\/encuentroinformativo.com.mx\/index.php?rest_route=\/wp\/v2\/posts"}],"about":[{"href":"https:\/\/encuentroinformativo.com.mx\/index.php?rest_route=\/wp\/v2\/types\/post"}],"author":[{"embeddable":true,"href":"https:\/\/encuentroinformativo.com.mx\/index.php?rest_route=\/wp\/v2\/users\/1"}],"replies":[{"embeddable":true,"href":"https:\/\/encuentroinformativo.com.mx\/index.php?rest_route=%2Fwp%2Fv2%2Fcomments&post=10928"}],"version-history":[{"count":1,"href":"https:\/\/encuentroinformativo.com.mx\/index.php?rest_route=\/wp\/v2\/posts\/10928\/revisions"}],"predecessor-version":[{"id":10930,"href":"https:\/\/encuentroinformativo.com.mx\/index.php?rest_route=\/wp\/v2\/posts\/10928\/revisions\/10930"}],"wp:featuredmedia":[{"embeddable":true,"href":"https:\/\/encuentroinformativo.com.mx\/index.php?rest_route=\/wp\/v2\/media\/10929"}],"wp:attachment":[{"href":"https:\/\/encuentroinformativo.com.mx\/index.php?rest_route=%2Fwp%2Fv2%2Fmedia&parent=10928"}],"wp:term":[{"taxonomy":"category","embeddable":true,"href":"https:\/\/encuentroinformativo.com.mx\/index.php?rest_route=%2Fwp%2Fv2%2Fcategories&post=10928"},{"taxonomy":"post_tag","embeddable":true,"href":"https:\/\/encuentroinformativo.com.mx\/index.php?rest_route=%2Fwp%2Fv2%2Ftags&post=10928"}],"curies":[{"name":"wp","href":"https:\/\/api.w.org\/{rel}","templated":true}]}}