{"id":10931,"date":"2021-02-08T14:29:36","date_gmt":"2021-02-08T20:29:36","guid":{"rendered":"https:\/\/encuentroinformativo.com.mx\/?p=10931"},"modified":"2021-02-08T14:29:39","modified_gmt":"2021-02-08T20:29:39","slug":"continuara-la-entrega-de-cuerpos-que-son-identificados-fge","status":"publish","type":"post","link":"https:\/\/encuentroinformativo.com.mx\/?p=10931","title":{"rendered":"Continuar\u00e1 la entrega de cuerpos que son identificados: FGE"},"content":{"rendered":"\n<p><strong>Dar\u00edo Pale <\/strong><\/p>\n\n\n\n<p>Xalapa, Ver.- Continuar\u00e1 la entrega de cuerpos de personas que est\u00e1n sin identificar en los diversos SEMEFO del Estado, tal como ocurri\u00f3 en Poza Rica, as\u00ed lo inform\u00f3 la\u00a0fiscal general del Estado, Ver\u00f3nica Hern\u00e1ndez Giad\u00e1ns.<\/p>\n\n\n\n<p>En conferencia de prensa realizada en palacio de gobierno refiri\u00f3 que el jueves de la semana pasada se hizo la entrega de cinco cuerpos a sus familiares, dichos cuerpos fueron exhumados en 2016, pero se dejaron sin identificar, por lo que al tomar el cargo, se comprometi\u00f3 a avanzar en la identificaci\u00f3n de los m\u00e1s de mil cuerpos que todav\u00eda hay en los SEMEFO.<\/p>\n\n\n\n<p>&#8220;Se hizo entrega a las cinco familias de estas personas. Seguiremos trabajando, para m\u00ed el tema de la atenci\u00f3n a colectivos, a familiares que siguen en b\u00fasqueda de sus familias, es prioritario. Estamos tratando de fortalecer el \u00e1rea pericial para la identificaci\u00f3n humana en total coordinaci\u00f3n con las dependencias del Poder Ejecutivo&#8221;, se\u00f1al\u00f3.<\/p>\n\n\n\n<p>Afirm\u00f3 que han fortalecido el \u00e1rea de Servicios Periciales y poco a poco dar\u00e1n m\u00e1s resultados, en ese sentido, record\u00f3 que en diciembre pasado inici\u00f3 la construcci\u00f3n del SEMEFO en Nogales, unidad que ayudar\u00e1 para agilizar la identificaci\u00f3n de los m\u00e1s de mil cuerpos que a\u00fan existen.<\/p>\n\n\n\n<p>&#8220;Ha sido nota en muchas ocasiones que los cuerpos que est\u00e1n sin identificar a mi llegada, rebasan los mil cuerpos. Ese es un trabajo que se hab\u00eda abandonado, por eso a m\u00ed llegada el trabajo ha sido en el reforzamiento en materia de identificaci\u00f3n humana. Son cuerpos que han estado por muchos a\u00f1os&#8221;, lament\u00f3.<\/p>\n\n\n\n<p>Por su parte, el gobernador Cuitl\u00e1huac Garc\u00eda Jim\u00e9nez, manifest\u00f3 que hoy los protocolos se siguen en acomapa\u00f1amiento de los familiares de las v\u00edctimas, algo que no se permit\u00eda en las administraciones pasadas, al contrario, se les relegaba y revictimisaba.<\/p>\n\n\n\n<p>\u201cYo creo que s\u00ed seguimos por ah\u00ed, vamos a seguir teniendo \u00e9xitos como \u00e9ste, la identificaci\u00f3n de m\u00e1s cuerpos y finalmente, lograr el objetivo de las familias: tener a su gente&#8221;, finaliz\u00f3.<\/p>\n","protected":false},"excerpt":{"rendered":"<p>Dar\u00edo Pale Xalapa, Ver.- Continuar\u00e1 la entrega de cuerpos de personas que est\u00e1n sin identificar en los diversos SEMEFO del Estado, tal como ocurri\u00f3 en Poza Rica, as\u00ed lo inform\u00f3 la\u00a0fiscal general del Estado, Ver\u00f3nica Hern\u00e1ndez Giad\u00e1ns. En conferencia de prensa realizada en palacio de gobierno refiri\u00f3 que el jueves de la semana pasada se [&hellip;]<\/p>\n","protected":false},"author":1,"featured_media":10932,"comment_status":"open","ping_status":"open","sticky":false,"template":"","format":"standard","meta":{"_jetpack_memberships_contains_paid_content":false,"footnotes":""},"categories":[2],"tags":[],"class_list":["post-10931","post","type-post","status-publish","format-standard","has-post-thumbnail","hentry","category-estado"],"jetpack_featured_media_url":"https:\/\/encuentroinformativo.com.mx\/wp-content\/uploads\/2021\/02\/97A866F9-36C8-40A2-835C-A1E7B45EEBAC.jpeg","jetpack_sharing_enabled":true,"jetpack_likes_enabled":true,"amp_enabled":true,"_links":{"self":[{"href":"https:\/\/encuentroinformativo.com.mx\/index.php?rest_route=\/wp\/v2\/posts\/10931","targetHints":{"allow":["GET"]}}],"collection":[{"href":"https:\/\/encuentroinformativo.com.mx\/index.php?rest_route=\/wp\/v2\/posts"}],"about":[{"href":"https:\/\/encuentroinformativo.com.mx\/index.php?rest_route=\/wp\/v2\/types\/post"}],"author":[{"embeddable":true,"href":"https:\/\/encuentroinformativo.com.mx\/index.php?rest_route=\/wp\/v2\/users\/1"}],"replies":[{"embeddable":true,"href":"https:\/\/encuentroinformativo.com.mx\/index.php?rest_route=%2Fwp%2Fv2%2Fcomments&post=10931"}],"version-history":[{"count":1,"href":"https:\/\/encuentroinformativo.com.mx\/index.php?rest_route=\/wp\/v2\/posts\/10931\/revisions"}],"predecessor-version":[{"id":10933,"href":"https:\/\/encuentroinformativo.com.mx\/index.php?rest_route=\/wp\/v2\/posts\/10931\/revisions\/10933"}],"wp:featuredmedia":[{"embeddable":true,"href":"https:\/\/encuentroinformativo.com.mx\/index.php?rest_route=\/wp\/v2\/media\/10932"}],"wp:attachment":[{"href":"https:\/\/encuentroinformativo.com.mx\/index.php?rest_route=%2Fwp%2Fv2%2Fmedia&parent=10931"}],"wp:term":[{"taxonomy":"category","embeddable":true,"href":"https:\/\/encuentroinformativo.com.mx\/index.php?rest_route=%2Fwp%2Fv2%2Fcategories&post=10931"},{"taxonomy":"post_tag","embeddable":true,"href":"https:\/\/encuentroinformativo.com.mx\/index.php?rest_route=%2Fwp%2Fv2%2Ftags&post=10931"}],"curies":[{"name":"wp","href":"https:\/\/api.w.org\/{rel}","templated":true}]}}