{"id":10939,"date":"2021-02-09T02:44:41","date_gmt":"2021-02-09T08:44:41","guid":{"rendered":"https:\/\/encuentroinformativo.com.mx\/?p=10939"},"modified":"2021-02-09T02:44:43","modified_gmt":"2021-02-09T08:44:43","slug":"diputada-federal-de-morena-se-registra-para-todas-las-candidaturas","status":"publish","type":"post","link":"https:\/\/encuentroinformativo.com.mx\/?p=10939","title":{"rendered":"Diputada federal de Morena se registra para todas las candidaturas"},"content":{"rendered":"\n<p><strong>Alejandro \u00c1vila<\/strong><\/p>\n\n\n\n<p>Veracruz, Ver.- La actual diputada federal por Morena, Carmen Medel Palma, fue criticada en redes sociales por demostrar que busca aferrarse a un cargo p\u00fablico, pues en una entrevista confirm\u00f3 que se inscribio para las pre candidaturas a la diputaci\u00f3n local, federal y la alcald\u00eda de Coatzacoalcos.<\/p>\n\n\n\n<p>Cabe se\u00f1alar que la a\u00fan legisladora federal logr\u00f3 sus espacio gracias a la &#8220;tombola&#8221; que realiz\u00f3 el Movimiento de Regeneraci\u00f3n Nacional en todo el pa\u00eds, para conseguir candidatos que acompa\u00f1aran a Andr\u00e9s Manuel L\u00f3pez Obrador, y fue este mismo que por el &#8220;voto en cascada&#8221; le dio cargos p\u00fablicos a muchos neo pol\u00edticos.<\/p>\n\n\n\n<p>&#8220;Ya me registr\u00e9, ayer me registr\u00e9, decidimos esto a \u00faltimo momento y vamos a caminar, a transitar hacia adelante (\u2026) podemos encuestarnos, podemos participar en todos los procesos y la ciudadan\u00eda es la que decide, en todas vamos a salir, porque es la encuesta, porque es Carmen Medel la que se va a posicionar y est\u00e1 posicionada en este municipio. Carmen Medel es la que tiene trabajo territorial&#8221;, refut\u00f3 al entrevistador.<\/p>\n\n\n\n<p>Al darse a conocer el video, fue criticada, no solo por los usuarios de redes sociales, sino tambi\u00e9n por los propios militantes de Morena en Veracruz.<\/p>\n\n\n\n<p>Medel Palma resalt\u00f3 en la entrevista que ella no es militante de Morena, pero es con ese partido pol\u00edtico o con otro, donde buscar\u00e1 seguir su carrera pol\u00edtica, pues recalc\u00f3 que ha marcado territorio en la zona sur.<\/p>\n","protected":false},"excerpt":{"rendered":"<p>Alejandro \u00c1vila Veracruz, Ver.- La actual diputada federal por Morena, Carmen Medel Palma, fue criticada en redes sociales por demostrar que busca aferrarse a un cargo p\u00fablico, pues en una entrevista confirm\u00f3 que se inscribio para las pre candidaturas a la diputaci\u00f3n local, federal y la alcald\u00eda de Coatzacoalcos. Cabe se\u00f1alar que la a\u00fan legisladora [&hellip;]<\/p>\n","protected":false},"author":1,"featured_media":10940,"comment_status":"open","ping_status":"open","sticky":false,"template":"","format":"standard","meta":{"_jetpack_memberships_contains_paid_content":false,"footnotes":""},"categories":[2],"tags":[],"class_list":["post-10939","post","type-post","status-publish","format-standard","has-post-thumbnail","hentry","category-estado"],"jetpack_featured_media_url":"https:\/\/encuentroinformativo.com.mx\/wp-content\/uploads\/2021\/02\/CFDBD395-D935-4B27-82A6-02715FD9FD71.jpeg","jetpack_sharing_enabled":true,"jetpack_likes_enabled":true,"amp_enabled":true,"_links":{"self":[{"href":"https:\/\/encuentroinformativo.com.mx\/index.php?rest_route=\/wp\/v2\/posts\/10939","targetHints":{"allow":["GET"]}}],"collection":[{"href":"https:\/\/encuentroinformativo.com.mx\/index.php?rest_route=\/wp\/v2\/posts"}],"about":[{"href":"https:\/\/encuentroinformativo.com.mx\/index.php?rest_route=\/wp\/v2\/types\/post"}],"author":[{"embeddable":true,"href":"https:\/\/encuentroinformativo.com.mx\/index.php?rest_route=\/wp\/v2\/users\/1"}],"replies":[{"embeddable":true,"href":"https:\/\/encuentroinformativo.com.mx\/index.php?rest_route=%2Fwp%2Fv2%2Fcomments&post=10939"}],"version-history":[{"count":1,"href":"https:\/\/encuentroinformativo.com.mx\/index.php?rest_route=\/wp\/v2\/posts\/10939\/revisions"}],"predecessor-version":[{"id":10941,"href":"https:\/\/encuentroinformativo.com.mx\/index.php?rest_route=\/wp\/v2\/posts\/10939\/revisions\/10941"}],"wp:featuredmedia":[{"embeddable":true,"href":"https:\/\/encuentroinformativo.com.mx\/index.php?rest_route=\/wp\/v2\/media\/10940"}],"wp:attachment":[{"href":"https:\/\/encuentroinformativo.com.mx\/index.php?rest_route=%2Fwp%2Fv2%2Fmedia&parent=10939"}],"wp:term":[{"taxonomy":"category","embeddable":true,"href":"https:\/\/encuentroinformativo.com.mx\/index.php?rest_route=%2Fwp%2Fv2%2Fcategories&post=10939"},{"taxonomy":"post_tag","embeddable":true,"href":"https:\/\/encuentroinformativo.com.mx\/index.php?rest_route=%2Fwp%2Fv2%2Ftags&post=10939"}],"curies":[{"name":"wp","href":"https:\/\/api.w.org\/{rel}","templated":true}]}}