{"id":10950,"date":"2021-02-09T13:05:58","date_gmt":"2021-02-09T19:05:58","guid":{"rendered":"https:\/\/encuentroinformativo.com.mx\/?p=10950"},"modified":"2021-02-09T13:06:00","modified_gmt":"2021-02-09T19:06:00","slug":"por-pandemia-celebrara-sedena-con-exposicion-fotografica","status":"publish","type":"post","link":"https:\/\/encuentroinformativo.com.mx\/?p=10950","title":{"rendered":"Por pandemia, celebrar\u00e1 SEDENA con exposici\u00f3n fotogr\u00e1fica"},"content":{"rendered":"\n<p><strong>Dar\u00edo Pale <\/strong><\/p>\n\n\n\n<p>Xalapa, Ver.- Zen\u00f3n Cisneros, teniente coronel, subjefe del Estado Mayor de la 26 Zona Militar, dio a conocer que debido a la pandemia, este a\u00f1o la Secretar\u00eda de la Defensa Nacional (Sedena) festejar\u00e1 el D\u00eda del Ej\u00e9rcito Mexicano con tres exposiciones fotogr\u00e1ficas, en Veracruz.<\/p>\n\n\n\n<p>En conferencia de prensa realizada en el 63 Batall\u00f3n de Infanter\u00eda de la 26 zona militar,\u00a0inform\u00f3 que dichas exposiciones contemplan los rostros de quienes participan en la contingencia por el Covid-19.<\/p>\n\n\n\n<p>&#8220;Personal de la salud, tanto militares como civiles, asimismo, el Plan DN-III que ha estado realizando el Ej\u00e9rcito y Fuerza A\u00e9rea principalmente en Tabasco, pero tambi\u00e9n por la construcci\u00f3n del aeropuerto Felipe \u00c1ngeles&#8221;, se\u00f1al\u00f3.<\/p>\n\n\n\n<p>&#8220;Son 60 fotograf\u00edas que han captado los rostros de hombres y mujeres que pertenecemos a la Sedena y que hemos estado coadyuvando a mitigar los efectos. Para nosotros es un orgullo y un compromiso servirle a la sociedad&#8221;, a\u00f1adi\u00f3.<\/p>\n\n\n\n<p>Destac\u00f3 que la intenci\u00f3n es que la sociedad no olvide que en el Ej\u00e9rcito tienen a unos aliados y que nunca van a fallar mientras haya una necesidad.<\/p>\n\n\n\n<p>La exposici\u00f3n se montar\u00e1 en la Plaza de Armas del puerto de Veracruz, en el Malec\u00f3n y la Plaza de la Soberan\u00eda a partir del 10 de febrero y hasta despu\u00e9s del 19 del mismo.<\/p>\n\n\n\n<figure class=\"wp-block-image size-large\"><img loading=\"lazy\" decoding=\"async\" width=\"1024\" height=\"576\" src=\"https:\/\/encuentroinformativo.com.mx\/wp-content\/uploads\/2021\/02\/881DDE88-F146-4078-BE5B-E8E6DDF2FC43-1024x576.jpeg\" alt=\"\" class=\"wp-image-10952\" srcset=\"https:\/\/encuentroinformativo.com.mx\/wp-content\/uploads\/2021\/02\/881DDE88-F146-4078-BE5B-E8E6DDF2FC43-1024x576.jpeg 1024w, https:\/\/encuentroinformativo.com.mx\/wp-content\/uploads\/2021\/02\/881DDE88-F146-4078-BE5B-E8E6DDF2FC43-300x169.jpeg 300w, https:\/\/encuentroinformativo.com.mx\/wp-content\/uploads\/2021\/02\/881DDE88-F146-4078-BE5B-E8E6DDF2FC43-768x432.jpeg 768w, https:\/\/encuentroinformativo.com.mx\/wp-content\/uploads\/2021\/02\/881DDE88-F146-4078-BE5B-E8E6DDF2FC43.jpeg 1280w\" sizes=\"auto, (max-width: 1024px) 100vw, 1024px\" \/><\/figure>\n","protected":false},"excerpt":{"rendered":"<p>Dar\u00edo Pale Xalapa, Ver.- Zen\u00f3n Cisneros, teniente coronel, subjefe del Estado Mayor de la 26 Zona Militar, dio a conocer que debido a la pandemia, este a\u00f1o la Secretar\u00eda de la Defensa Nacional (Sedena) festejar\u00e1 el D\u00eda del Ej\u00e9rcito Mexicano con tres exposiciones fotogr\u00e1ficas, en Veracruz. En conferencia de prensa realizada en el 63 Batall\u00f3n [&hellip;]<\/p>\n","protected":false},"author":1,"featured_media":10951,"comment_status":"open","ping_status":"open","sticky":false,"template":"","format":"standard","meta":{"_jetpack_memberships_contains_paid_content":false,"footnotes":""},"categories":[2],"tags":[],"class_list":["post-10950","post","type-post","status-publish","format-standard","has-post-thumbnail","hentry","category-estado"],"jetpack_featured_media_url":"https:\/\/encuentroinformativo.com.mx\/wp-content\/uploads\/2021\/02\/CA818CA2-8E74-4B6A-A95E-53FA362AF969.jpeg","jetpack_sharing_enabled":true,"jetpack_likes_enabled":true,"amp_enabled":true,"_links":{"self":[{"href":"https:\/\/encuentroinformativo.com.mx\/index.php?rest_route=\/wp\/v2\/posts\/10950","targetHints":{"allow":["GET"]}}],"collection":[{"href":"https:\/\/encuentroinformativo.com.mx\/index.php?rest_route=\/wp\/v2\/posts"}],"about":[{"href":"https:\/\/encuentroinformativo.com.mx\/index.php?rest_route=\/wp\/v2\/types\/post"}],"author":[{"embeddable":true,"href":"https:\/\/encuentroinformativo.com.mx\/index.php?rest_route=\/wp\/v2\/users\/1"}],"replies":[{"embeddable":true,"href":"https:\/\/encuentroinformativo.com.mx\/index.php?rest_route=%2Fwp%2Fv2%2Fcomments&post=10950"}],"version-history":[{"count":1,"href":"https:\/\/encuentroinformativo.com.mx\/index.php?rest_route=\/wp\/v2\/posts\/10950\/revisions"}],"predecessor-version":[{"id":10953,"href":"https:\/\/encuentroinformativo.com.mx\/index.php?rest_route=\/wp\/v2\/posts\/10950\/revisions\/10953"}],"wp:featuredmedia":[{"embeddable":true,"href":"https:\/\/encuentroinformativo.com.mx\/index.php?rest_route=\/wp\/v2\/media\/10951"}],"wp:attachment":[{"href":"https:\/\/encuentroinformativo.com.mx\/index.php?rest_route=%2Fwp%2Fv2%2Fmedia&parent=10950"}],"wp:term":[{"taxonomy":"category","embeddable":true,"href":"https:\/\/encuentroinformativo.com.mx\/index.php?rest_route=%2Fwp%2Fv2%2Fcategories&post=10950"},{"taxonomy":"post_tag","embeddable":true,"href":"https:\/\/encuentroinformativo.com.mx\/index.php?rest_route=%2Fwp%2Fv2%2Ftags&post=10950"}],"curies":[{"name":"wp","href":"https:\/\/api.w.org\/{rel}","templated":true}]}}