{"id":10955,"date":"2021-02-09T13:39:14","date_gmt":"2021-02-09T19:39:14","guid":{"rendered":"https:\/\/encuentroinformativo.com.mx\/?p=10955"},"modified":"2021-02-09T13:39:16","modified_gmt":"2021-02-09T19:39:16","slug":"confia-pt-en-lograr-triunfo-con-ricardo-ahued","status":"publish","type":"post","link":"https:\/\/encuentroinformativo.com.mx\/?p=10955","title":{"rendered":"Conf\u00eda PT en lograr triunfo con Ricardo Ahued"},"content":{"rendered":"\n<p><strong>Dar\u00edo Pale <\/strong><\/p>\n\n\n\n<p>Xalapa, Ver.- El Coordinador de la Comisi\u00f3n Ejecutiva del Partido del Trabajo (PT), Vicente Aguilar Aguilar dio a conocer que su partido en\u00a0Veracruz conf\u00eda en que Ricardo Ahued Bardahuill arrase con la elecci\u00f3n a la presidencia municipal de Xalapa, por la cercan\u00eda y empat\u00eda que ha mantenido con la poblaci\u00f3n, as\u00ed lo expres\u00f3 el comisionado de este partido a nivel estatal, Vicente Aguilar Aguilar.<\/p>\n\n\n\n<p>En conferencia de prensa realizada en las instalaciones de su partido se\u00f1al\u00f3 que,\u00a0&#8220;sin duda alguna su triunfo ser\u00e1 avasallador e irrefutable, toda vez que es un hombre reconocido por su trabajo y sobre todo, el di\u00e1logo que tiene con la sociedad xalape\u00f1a&#8221;.<\/p>\n\n\n\n<p>Luego de que el senador Ahued confirm\u00f3 que participa ya en el proceso interno del partido Movimiento de Regeneraci\u00f3n Nacional (MORENA) para obtener la candidatura a la alcald\u00eda de la capital de este estado, el PT, que va en alianza con el partido fundado por Andr\u00e9s Manuel L\u00f3pez Obrador y con el Partido Verde Ecologista de M\u00e9xico (PVEM) celebr\u00f3 dicha decisi\u00f3n.<\/p>\n\n\n\n<p>&#8220;Nuestro instituto pol\u00edtico felicita la decisi\u00f3n de Ricardo Ahued, quien estamos seguros, solicitar\u00e1 licencia a su alto cargo de senador para el efecto de que escuche al pueblo de Xalapa y pueda ser presidente municipal de la capital&#8221;, se\u00f1al\u00f3.<\/p>\n\n\n\n<p>Aguilar Aguilar record\u00f3 que en la\u00a0alianza &#8220;Juntos Haremos Historia&#8221; que tienen los partidos de Morena, PT y PVEM, en Veracruz se dar\u00e1 de manera parcial en 29 distritos y 142 presidencias municipales, ser\u00e1 una\u00a0alianza parcial con Morena y el Verde, la cual recientemente fue reconocida por el Organismo P\u00fablico Local Electoral (OPLE), el PT encabezar\u00e1 la alianza en 34 alcald\u00edas, igual que el Partido Verde y Moren\u00a074.<\/p>\n\n\n\n<p>Finalmente dio a conocer que para las diputaciones locales, las negociaciones les dan 5 distritos, entre los que se encuentran Perote, Tuxpan; agreg\u00f3 que Misantla se ir\u00e1 a encuesta para saber cu\u00e1l es el instituto pol\u00edtico mejor posicionado, y\u00a0que para Morena toca la mayor\u00eda de distritos, electorales adem\u00e1s de las alcald\u00edas que les corresponden 74.<\/p>\n","protected":false},"excerpt":{"rendered":"<p>Dar\u00edo Pale Xalapa, Ver.- El Coordinador de la Comisi\u00f3n Ejecutiva del Partido del Trabajo (PT), Vicente Aguilar Aguilar dio a conocer que su partido en\u00a0Veracruz conf\u00eda en que Ricardo Ahued Bardahuill arrase con la elecci\u00f3n a la presidencia municipal de Xalapa, por la cercan\u00eda y empat\u00eda que ha mantenido con la poblaci\u00f3n, as\u00ed lo expres\u00f3 [&hellip;]<\/p>\n","protected":false},"author":1,"featured_media":10956,"comment_status":"open","ping_status":"open","sticky":false,"template":"","format":"standard","meta":{"_jetpack_memberships_contains_paid_content":false,"footnotes":""},"categories":[3],"tags":[],"class_list":["post-10955","post","type-post","status-publish","format-standard","has-post-thumbnail","hentry","category-xalapa"],"jetpack_featured_media_url":"https:\/\/encuentroinformativo.com.mx\/wp-content\/uploads\/2021\/02\/CF62DD8D-BC5C-4484-B6D1-27968E55A092.jpeg","jetpack_sharing_enabled":true,"jetpack_likes_enabled":true,"amp_enabled":true,"_links":{"self":[{"href":"https:\/\/encuentroinformativo.com.mx\/index.php?rest_route=\/wp\/v2\/posts\/10955","targetHints":{"allow":["GET"]}}],"collection":[{"href":"https:\/\/encuentroinformativo.com.mx\/index.php?rest_route=\/wp\/v2\/posts"}],"about":[{"href":"https:\/\/encuentroinformativo.com.mx\/index.php?rest_route=\/wp\/v2\/types\/post"}],"author":[{"embeddable":true,"href":"https:\/\/encuentroinformativo.com.mx\/index.php?rest_route=\/wp\/v2\/users\/1"}],"replies":[{"embeddable":true,"href":"https:\/\/encuentroinformativo.com.mx\/index.php?rest_route=%2Fwp%2Fv2%2Fcomments&post=10955"}],"version-history":[{"count":1,"href":"https:\/\/encuentroinformativo.com.mx\/index.php?rest_route=\/wp\/v2\/posts\/10955\/revisions"}],"predecessor-version":[{"id":10957,"href":"https:\/\/encuentroinformativo.com.mx\/index.php?rest_route=\/wp\/v2\/posts\/10955\/revisions\/10957"}],"wp:featuredmedia":[{"embeddable":true,"href":"https:\/\/encuentroinformativo.com.mx\/index.php?rest_route=\/wp\/v2\/media\/10956"}],"wp:attachment":[{"href":"https:\/\/encuentroinformativo.com.mx\/index.php?rest_route=%2Fwp%2Fv2%2Fmedia&parent=10955"}],"wp:term":[{"taxonomy":"category","embeddable":true,"href":"https:\/\/encuentroinformativo.com.mx\/index.php?rest_route=%2Fwp%2Fv2%2Fcategories&post=10955"},{"taxonomy":"post_tag","embeddable":true,"href":"https:\/\/encuentroinformativo.com.mx\/index.php?rest_route=%2Fwp%2Fv2%2Ftags&post=10955"}],"curies":[{"name":"wp","href":"https:\/\/api.w.org\/{rel}","templated":true}]}}