{"id":10975,"date":"2021-02-09T17:01:32","date_gmt":"2021-02-09T23:01:32","guid":{"rendered":"https:\/\/encuentroinformativo.com.mx\/?p=10975"},"modified":"2021-02-09T17:01:34","modified_gmt":"2021-02-09T23:01:34","slug":"colectivos-esperan-permisos-para-ingresar-a-estancia-garnica","status":"publish","type":"post","link":"https:\/\/encuentroinformativo.com.mx\/?p=10975","title":{"rendered":"Colectivos esperan permisos para ingresar a estancia Garnica"},"content":{"rendered":"\n<p><strong>Dar\u00edo Pale <\/strong><\/p>\n\n\n\n<p>Xalapa, Ver.- Ya est\u00e1n en pl\u00e1ticas con la directora del Instituto de Pensiones del Estado (IPE), Daniela Griego Ceballos para que se les permita ingresar a realizar labores de b\u00fasqueda en las instalaciones de la Estancia Garnica, as\u00ed lo dio a conocer la integrante del Colectivo Familiares en B\u00fasqueda &#8220;Mar\u00eda Herrera&#8221; Xalapa, Fabiola Pensado.<\/p>\n\n\n\n<p>Entrevistada en las calles del centro de la ciudad dio a conocer que, existe voluntad para que se puedan llevar a cabo estas acciones, sin embargo resalt\u00f3 que a\u00fan deben esperar a que se realicen los tr\u00e1mites correspondientes y de este modo se puedan otorgar los permisos necesarios para dicho fin.<\/p>\n\n\n\n<p>&#8220;Hay disposici\u00f3n, platicamos con ella en Pensiones la semana pasada y solo hacen falta los permisos necesarios pero lo importante es que nos dijeron que hay toda la disposici\u00f3n, nosotros estamos pidiendo que se haga un an\u00e1lisis de contexto para que sea una buena b\u00fasqueda y ya estamos viendo eso&#8221;, se\u00f1al\u00f3.<\/p>\n\n\n\n<p>Asimismo, resalt\u00f3 que espera que pronto se pueda dar &#8220;luz verde&#8221; a estos trabajos y de esta manera puedan continuar con esta labor que han emprendido desde hace muchos a\u00f1os para poder encontrar a sus seres queridos y con ello tratar de dar un poco de tranquilidad a las familias.<\/p>\n\n\n\n<p>&#8220;Hay una programada, pero ser\u00e1 la Comisi\u00f3n Estatal de B\u00fasqueda la que lance el comunicado, porque as\u00ed fue el acuerdo en una reuni\u00f3n. Ser\u00e1n ellos los que digan que se har\u00e1 b\u00fasqueda en tal lugar para que, a partir de ah\u00ed, los colectivos podamos informar&#8221;, indic\u00f3.<\/p>\n\n\n\n<p>Agreg\u00f3 que tambi\u00e9n han estado en constante comunicaci\u00f3n con la Comisi\u00f3n Estatal de B\u00fasqueda por lo cu\u00e1l se espera que en los pr\u00f3ximos d\u00edas se emita un comunicado en el que se den a conocer avances y las acciones a seguir en este tema.<\/p>\n\n\n\n<p>Asever\u00f3 que en Xalapa solamente hay un lugar en fecha pr\u00f3xima para hacer b\u00fasqueda de restos humanos, fuera de la capital a\u00fan no est\u00e1 definido, pero aclar\u00f3 que otras se hacen con base en las diversas carpetas de investigaci\u00f3n, por lo que no se pueden dar a conocer datos para evitar violentar el debido proceso.<\/p>\n\n\n\n<p>En otro tema, se\u00f1al\u00f3 que lamentablemente la Fiscal\u00eda General del Estado no ha informado de pr\u00f3ximas fechas para la entrega de m\u00e1s cuerpos con base en la identificaci\u00f3n de cuerpos que est\u00e1n pendientes.<\/p>\n\n\n\n<p>&#8220;Lo hemos pedido, se hizo un hallazgo el a\u00f1o pasado, como por julio, en un lugar de Xalapa y es hora de que no tenemos el dictamen y tenemos otros pendientes de un lugar cerca de Xalapa a pesar de que hemos estado insistiendo&#8221;, lament\u00f3.<\/p>\n\n\n\n<p>Adem\u00e1s, dijo que est\u00e1n pendientes de hacer la identificaci\u00f3n de otros dos cuerpos hallados en Cerro Gordo.<\/p>\n\n\n\n<p>La activista aclar\u00f3 que la identificaci\u00f3n de cuerpos es una labor que tarda a\u00f1os, tal como sucedi\u00f3 en Poza Rica.<\/p>\n\n\n\n<p>Apenas este lunes, fiscal general del Estado, Ver\u00f3nica Hern\u00e1ndez Giad\u00e1ns, inform\u00f3 que continuar\u00e1 la entrega de cuerpos de personas que est\u00e1n sin identificar en los diversos SEMEFOs del Estado, tal como ocurri\u00f3 en Poza Rica.<\/p>\n\n\n\n<p>Finalmente refiri\u00f3 que al tomar el cargo, se comprometi\u00f3 a avanzar en la identificaci\u00f3n de los m\u00e1s de mil cuerpos que todav\u00eda hay en los SEMEFOs.<\/p>\n","protected":false},"excerpt":{"rendered":"<p>Dar\u00edo Pale Xalapa, Ver.- Ya est\u00e1n en pl\u00e1ticas con la directora del Instituto de Pensiones del Estado (IPE), Daniela Griego Ceballos para que se les permita ingresar a realizar labores de b\u00fasqueda en las instalaciones de la Estancia Garnica, as\u00ed lo dio a conocer la integrante del Colectivo Familiares en B\u00fasqueda &#8220;Mar\u00eda Herrera&#8221; Xalapa, Fabiola [&hellip;]<\/p>\n","protected":false},"author":1,"featured_media":10976,"comment_status":"open","ping_status":"open","sticky":false,"template":"","format":"standard","meta":{"_jetpack_memberships_contains_paid_content":false,"footnotes":""},"categories":[3],"tags":[],"class_list":["post-10975","post","type-post","status-publish","format-standard","has-post-thumbnail","hentry","category-xalapa"],"jetpack_featured_media_url":"https:\/\/encuentroinformativo.com.mx\/wp-content\/uploads\/2021\/02\/39C85892-C9EA-40CF-A767-C509FC402A97.jpeg","jetpack_sharing_enabled":true,"jetpack_likes_enabled":true,"amp_enabled":true,"_links":{"self":[{"href":"https:\/\/encuentroinformativo.com.mx\/index.php?rest_route=\/wp\/v2\/posts\/10975","targetHints":{"allow":["GET"]}}],"collection":[{"href":"https:\/\/encuentroinformativo.com.mx\/index.php?rest_route=\/wp\/v2\/posts"}],"about":[{"href":"https:\/\/encuentroinformativo.com.mx\/index.php?rest_route=\/wp\/v2\/types\/post"}],"author":[{"embeddable":true,"href":"https:\/\/encuentroinformativo.com.mx\/index.php?rest_route=\/wp\/v2\/users\/1"}],"replies":[{"embeddable":true,"href":"https:\/\/encuentroinformativo.com.mx\/index.php?rest_route=%2Fwp%2Fv2%2Fcomments&post=10975"}],"version-history":[{"count":1,"href":"https:\/\/encuentroinformativo.com.mx\/index.php?rest_route=\/wp\/v2\/posts\/10975\/revisions"}],"predecessor-version":[{"id":10977,"href":"https:\/\/encuentroinformativo.com.mx\/index.php?rest_route=\/wp\/v2\/posts\/10975\/revisions\/10977"}],"wp:featuredmedia":[{"embeddable":true,"href":"https:\/\/encuentroinformativo.com.mx\/index.php?rest_route=\/wp\/v2\/media\/10976"}],"wp:attachment":[{"href":"https:\/\/encuentroinformativo.com.mx\/index.php?rest_route=%2Fwp%2Fv2%2Fmedia&parent=10975"}],"wp:term":[{"taxonomy":"category","embeddable":true,"href":"https:\/\/encuentroinformativo.com.mx\/index.php?rest_route=%2Fwp%2Fv2%2Fcategories&post=10975"},{"taxonomy":"post_tag","embeddable":true,"href":"https:\/\/encuentroinformativo.com.mx\/index.php?rest_route=%2Fwp%2Fv2%2Ftags&post=10975"}],"curies":[{"name":"wp","href":"https:\/\/api.w.org\/{rel}","templated":true}]}}