{"id":10981,"date":"2021-02-09T20:13:17","date_gmt":"2021-02-10T02:13:17","guid":{"rendered":"https:\/\/encuentroinformativo.com.mx\/?p=10981"},"modified":"2021-02-09T20:13:19","modified_gmt":"2021-02-10T02:13:19","slug":"minatitlan-sumido-en-el-rezago-jessica-ramirez","status":"publish","type":"post","link":"https:\/\/encuentroinformativo.com.mx\/?p=10981","title":{"rendered":"Minatitl\u00e1n sumido en el rezago: Jessica Ram\u00edrez"},"content":{"rendered":"\n<p><strong>Alejandro \u00c1vila<\/strong><\/p>\n\n\n\n<p>Minatitl\u00e1n, Ver.- El municipio de Minatitl\u00e1n es de los m\u00e1s importantes de la zona sur de la entidad veracruzana, sin embargo se encuentra sumido en el rezago de infraestructura, se\u00f1al\u00f3 la diputada Jessica Ram\u00edrez Cisneros.<\/p>\n\n\n\n<p>&#8220;Merecemos un Minatitl\u00e1n moderno, seguro, que no se inunde, que tenga espacios de convivencia, que sea una ciudad emblema de la modernidad, del progreso, del cuidado del medio ambiente&#8221;, apunt\u00f3 la ya precandidata por la alcald\u00eda.<\/p>\n\n\n\n<p>La ciudad petrolera y la cual deber\u00eda ser punta de lanza de nuevas tecnolog\u00edas, ha quedado rezagada del resto de las ciudades del Estado, debido a la mala planeaci\u00f3n de los anteriores gobiernos; aunque resalt\u00f3 que tras su labor como legislsdora local, logr\u00f3 conocer de fondo, las v\u00edas para lograr bajar recursos al municipio, de forma que sea inevitable su aprobaci\u00f3n.<\/p>\n\n\n\n<p>&#8220;Te puedo decir que de algunos proyectos hasta tenemos los planos y las im\u00e1genes virtuales. Ingenieros y arquitectos de Mina se han sumado. Y la propia gente, en los recorridos, te va diciendo qu\u00e9 es lo que hace falta, qu\u00e9 obra es la que urge. Muchas veces la gente te plantea un problema, pero tambi\u00e9n te orientan sobre la soluci\u00f3n&#8221;, subray\u00f3.<\/p>\n\n\n\n<p>La morenista se enorgullece de ser&nbsp;una de las fundadoras en Minatitl\u00e1n del Movimiento Regeneraci\u00f3n Nacional, debido a ello, hoy es impulsada por sus mismos compa\u00f1eros y ciudadanos adeptos a la cuarta transformaci\u00f3n.<\/p>\n","protected":false},"excerpt":{"rendered":"<p>Alejandro \u00c1vila Minatitl\u00e1n, Ver.- El municipio de Minatitl\u00e1n es de los m\u00e1s importantes de la zona sur de la entidad veracruzana, sin embargo se encuentra sumido en el rezago de infraestructura, se\u00f1al\u00f3 la diputada Jessica Ram\u00edrez Cisneros. &#8220;Merecemos un Minatitl\u00e1n moderno, seguro, que no se inunde, que tenga espacios de convivencia, que sea una ciudad [&hellip;]<\/p>\n","protected":false},"author":1,"featured_media":10982,"comment_status":"open","ping_status":"open","sticky":false,"template":"","format":"standard","meta":{"_jetpack_memberships_contains_paid_content":false,"footnotes":""},"categories":[2],"tags":[],"class_list":["post-10981","post","type-post","status-publish","format-standard","has-post-thumbnail","hentry","category-estado"],"jetpack_featured_media_url":"https:\/\/encuentroinformativo.com.mx\/wp-content\/uploads\/2021\/02\/5E37C6B8-9D8D-4C48-90D1-E9BFA0A1A9D0.jpeg","jetpack_sharing_enabled":true,"jetpack_likes_enabled":true,"amp_enabled":true,"_links":{"self":[{"href":"https:\/\/encuentroinformativo.com.mx\/index.php?rest_route=\/wp\/v2\/posts\/10981","targetHints":{"allow":["GET"]}}],"collection":[{"href":"https:\/\/encuentroinformativo.com.mx\/index.php?rest_route=\/wp\/v2\/posts"}],"about":[{"href":"https:\/\/encuentroinformativo.com.mx\/index.php?rest_route=\/wp\/v2\/types\/post"}],"author":[{"embeddable":true,"href":"https:\/\/encuentroinformativo.com.mx\/index.php?rest_route=\/wp\/v2\/users\/1"}],"replies":[{"embeddable":true,"href":"https:\/\/encuentroinformativo.com.mx\/index.php?rest_route=%2Fwp%2Fv2%2Fcomments&post=10981"}],"version-history":[{"count":1,"href":"https:\/\/encuentroinformativo.com.mx\/index.php?rest_route=\/wp\/v2\/posts\/10981\/revisions"}],"predecessor-version":[{"id":10983,"href":"https:\/\/encuentroinformativo.com.mx\/index.php?rest_route=\/wp\/v2\/posts\/10981\/revisions\/10983"}],"wp:featuredmedia":[{"embeddable":true,"href":"https:\/\/encuentroinformativo.com.mx\/index.php?rest_route=\/wp\/v2\/media\/10982"}],"wp:attachment":[{"href":"https:\/\/encuentroinformativo.com.mx\/index.php?rest_route=%2Fwp%2Fv2%2Fmedia&parent=10981"}],"wp:term":[{"taxonomy":"category","embeddable":true,"href":"https:\/\/encuentroinformativo.com.mx\/index.php?rest_route=%2Fwp%2Fv2%2Fcategories&post=10981"},{"taxonomy":"post_tag","embeddable":true,"href":"https:\/\/encuentroinformativo.com.mx\/index.php?rest_route=%2Fwp%2Fv2%2Ftags&post=10981"}],"curies":[{"name":"wp","href":"https:\/\/api.w.org\/{rel}","templated":true}]}}