{"id":10987,"date":"2021-02-10T10:51:22","date_gmt":"2021-02-10T16:51:22","guid":{"rendered":"https:\/\/encuentroinformativo.com.mx\/?p=10987"},"modified":"2021-02-10T10:51:24","modified_gmt":"2021-02-10T16:51:24","slug":"la-necedad-del-presidente","status":"publish","type":"post","link":"https:\/\/encuentroinformativo.com.mx\/?p=10987","title":{"rendered":"LA NECEDAD DEL PRESIDENTE"},"content":{"rendered":"\n<p><strong>+ Cuitl\u00e1huac, con alta aprobaci\u00f3n.<br>+ Dictan auto de formal prisi\u00f3n al Gober Precioso.<br>+ Que H\u00e9ctor ya es pr\u00f3ximo pluri local.<br><br><em>Que a Miguel Chiquito le dio Covid en abril del a\u00f1o pasado,<br>por andar de paseo en Europa.<br>&#8211;Chopenjawer Chapoy<\/em><\/strong><\/p>\n\n\n\n<p><a href=\"outlook-data-detector:\/\/0\">Este lunes<\/a>\u00a0reapareci\u00f3 el presidente Andr\u00e9s Manuel L\u00f3pez Obrador encabezando sus famosas conferencias ma\u00f1aneras. Aparentemente se ve sano, sin secuelas, luego de padecer Covid.<\/p>\n\n\n\n<p>Un reportero llamado Carlos Tomasini, del sitio de noticias&nbsp;<a href=\"http:\/\/codigolibre.mx\/\">codigolibre.mx<\/a>, le har\u00eda un par de muy buenas preguntas, ahora que acaba de salir de la crisis: &#8220;\u00bfSe va a hacer obligatorio el uso de cubrebocas, s\u00ed o no? \u00bfY usted va a usar el cubrebocas ahora en adelante ahora que ya padeci\u00f3 la enfermedad, s\u00ed o no?&#8221;<\/p>\n\n\n\n<p>Uno esperaba una respuesta prudente, pero fue una negativa nivel waaaa-daaaaa-fooooq: &#8220;En M\u00e9xico no hay autoritarismo, est\u00e1 prohibido prohibir, todo es voluntario, lo m\u00e1s importante es la libertad y cada quien debe de asumir su responsabilidad. En M\u00e9xico no ha habido con la pandemia toque de queda como en otras partes ni se ha obligado a nada, es una decisi\u00f3n de cada persona&#8221;.<\/p>\n\n\n\n<p>Traducci\u00f3n: que sigan los Covidiotas sin usar el cubrebocas, porque no los vamos a obligar. Nos da harta hueva estarlos cuidando y no queremos perder la simpat\u00eda de la banda porque vienen elecciones.<\/p>\n\n\n\n<p>&#8211;\u00bfUsted va a usar el cubrebocas?<br>&#8211;No, no, ahora ya adem\u00e1s, de acuerdo a lo que plantean los m\u00e9dicos, ya no contagio.<br>&#8211;Pero en este mismo espacio el doctor Gatell ha reiterado tambi\u00e9n que a pesar de que\u2026 Inclusive ya las personas vacunadas tendr\u00edan que usar el cubrebocas. \u00bfAun as\u00ed usted no lo va a usar?<br>&#8211;No, no, y respeto mucho al doctor Gatell, y es un muy buen m\u00e9dico y ha ayudado mucho para conducir este proceso.<\/p>\n\n\n\n<p>Un esperar\u00eda que luego de haber padecido en carne propia el mal del siglo, la terrible pandemia que lleva casi 170 mil muertos en M\u00e9xico y m\u00e1s de dos millones en el mundo, L\u00f3pez Obrador ser\u00eda m\u00e1s sensato, m\u00e1s consciente de la gravedad, pero lamentablemente no fue as\u00ed.<\/p>\n\n\n\n<p>Lo peor de todo, con ese ejemplo del presidente de M\u00e9xico, seguir\u00e1n los necios como \u00e9l rehus\u00e1ndose a ponerse un simple trapo en la boca para protegerse y proteger a los dem\u00e1s.<\/p>\n\n\n\n<p>De por s\u00ed es verdaderamente frustrante ver en la calle gente que reniega a usar el cubrebocas. Ya no hablemos de la gente que trabaja en el sector salud que se cansa de dar recomendaciones.<\/p>\n\n\n\n<p>No se trata de pol\u00edtica, se trata de un asunto de salud.<\/p>\n\n\n\n<p>No se vale que las voces que piden que se promueva el uso del cubrebocas sean descalificadas como &#8220;opositores&#8221; del presidente simplemente porque se trepan al tren dos o tres personajes cr\u00edticos que aprovechan el tema para golpear al mandatario.<\/p>\n\n\n\n<p>En todo caso, tambi\u00e9n que vayan a la gaver esos &#8220;cr\u00edticos&#8221; muy identificados, pero que el presidente no sea necio y promueva el uso de cubrebocas.<\/p>\n\n\n\n<p>\u00bfNo hay autoritarismo? \u00bfTodo es voluntario? De veras, presidente, qu\u00e9 irresponsable, qu\u00e9 negligente y qu\u00e9 valemadrista.<\/p>\n\n\n\n<p><strong>NOTA PARA PEGAR EN EL REFRI:<\/strong>&nbsp;De acuerdo a la encuesta presentada este domingo por el peri\u00f3dico &#8220;El Economista&#8221;, realizada por Mitofsky, el gobernador Cuitl\u00e1huac Garc\u00eda Jim\u00e9nez se ubica en enero dentro del rango de gobernadores con mayor aprobaci\u00f3n con 45.9%. El mismo estudio destaca que el mandatario estatal est\u00e1 en el tercer lugar nacional de gobernadores de Morena, detr\u00e1s de la jefa de Gobierno de la CDMX, Claudia Sheinbaum, y de Baja California, Jaime Bonilla.<\/p>\n\n\n\n<p><strong>OTRA NOTA:&nbsp;<\/strong>El Juzgado Segundo de Distrito en Quintana Roo dict\u00f3 auto de formal prisi\u00f3n al ex gobernador de Puebla, Mario Mar\u00edn &#8220;El Gober Precioso&#8221;, por el delito de tortura en contra de la periodista Lydia Cacho, inform\u00f3 Art\u00edculo 19. La organizaci\u00f3n dio a conocer el hecho a trav\u00e9s de su cuenta en Twitter: &#8220;ARTICLE 19 y @lydiacachosi celebran la resoluci\u00f3n del Juzgado Segundo de Distrito en Quintana Roo, por medio de la cual se dict\u00f3 el auto de formal prisi\u00f3n contra de Mario Mar\u00edn, ex Gobernador de Puebla, por el delito de tortura en agravio de la periodista y activista&#8221;&#8230; Es curioso, pero ac\u00e1 en la aldea veracruzana, por este mismo delito es perseguido el exfiscal Jorge Winckler, de quien no se sabe su paradero pero se le seguir\u00e1 persiguiendo porque la tortura no prescribe; por cierto, el pr\u00f3fugo era uno de los m\u00e1s leales al ex gober Yunes Linares, quien tambi\u00e9n es se\u00f1alado por Lydia Cacho com presunto pederasta&#8230; Ah, las vueltas que da la vida.<\/p>\n\n\n\n<p><strong>LA \u00daLTIMA PORQUE TERMINO DE VER LOS &#8220;BARRENDEROS ESPACIALES&#8221;:\u00a0<\/strong>Aunque comentan que ser\u00e1 hasta abril que exista una lista oficial de diputados pluris del PRI, se sabe que uno de los &#8220;palomeados&#8221; es el diputado federal H\u00e9ctor Yunes Landa; se desconoce la posici\u00f3n, pero seguramente estar\u00eda ubicado entre los primeros lugares (los m\u00e1s seguros) y con la oportunidad de hasta poder coordinar la bancada priista en la pr\u00f3xima legislatura.<\/p>\n\n\n\n<p><strong>@pablojair<\/strong><\/p>\n","protected":false},"excerpt":{"rendered":"<p>+ Cuitl\u00e1huac, con alta aprobaci\u00f3n.+ Dictan auto de formal prisi\u00f3n al Gober Precioso.+ Que H\u00e9ctor ya es pr\u00f3ximo pluri local. Que a Miguel Chiquito le dio Covid en abril del a\u00f1o pasado,por andar de paseo en Europa.&#8211;Chopenjawer Chapoy Este lunes\u00a0reapareci\u00f3 el presidente Andr\u00e9s Manuel L\u00f3pez Obrador encabezando sus famosas conferencias ma\u00f1aneras. Aparentemente se ve sano, [&hellip;]<\/p>\n","protected":false},"author":1,"featured_media":488,"comment_status":"open","ping_status":"open","sticky":false,"template":"","format":"standard","meta":{"_jetpack_memberships_contains_paid_content":false,"footnotes":""},"categories":[11],"tags":[],"class_list":["post-10987","post","type-post","status-publish","format-standard","has-post-thumbnail","hentry","category-opinion"],"jetpack_featured_media_url":"https:\/\/encuentroinformativo.com.mx\/wp-content\/uploads\/2020\/03\/F471F608-BA1A-416B-BA7B-BCFB24F4E6D0.jpeg","jetpack_sharing_enabled":true,"jetpack_likes_enabled":true,"amp_enabled":true,"_links":{"self":[{"href":"https:\/\/encuentroinformativo.com.mx\/index.php?rest_route=\/wp\/v2\/posts\/10987","targetHints":{"allow":["GET"]}}],"collection":[{"href":"https:\/\/encuentroinformativo.com.mx\/index.php?rest_route=\/wp\/v2\/posts"}],"about":[{"href":"https:\/\/encuentroinformativo.com.mx\/index.php?rest_route=\/wp\/v2\/types\/post"}],"author":[{"embeddable":true,"href":"https:\/\/encuentroinformativo.com.mx\/index.php?rest_route=\/wp\/v2\/users\/1"}],"replies":[{"embeddable":true,"href":"https:\/\/encuentroinformativo.com.mx\/index.php?rest_route=%2Fwp%2Fv2%2Fcomments&post=10987"}],"version-history":[{"count":1,"href":"https:\/\/encuentroinformativo.com.mx\/index.php?rest_route=\/wp\/v2\/posts\/10987\/revisions"}],"predecessor-version":[{"id":10988,"href":"https:\/\/encuentroinformativo.com.mx\/index.php?rest_route=\/wp\/v2\/posts\/10987\/revisions\/10988"}],"wp:featuredmedia":[{"embeddable":true,"href":"https:\/\/encuentroinformativo.com.mx\/index.php?rest_route=\/wp\/v2\/media\/488"}],"wp:attachment":[{"href":"https:\/\/encuentroinformativo.com.mx\/index.php?rest_route=%2Fwp%2Fv2%2Fmedia&parent=10987"}],"wp:term":[{"taxonomy":"category","embeddable":true,"href":"https:\/\/encuentroinformativo.com.mx\/index.php?rest_route=%2Fwp%2Fv2%2Fcategories&post=10987"},{"taxonomy":"post_tag","embeddable":true,"href":"https:\/\/encuentroinformativo.com.mx\/index.php?rest_route=%2Fwp%2Fv2%2Ftags&post=10987"}],"curies":[{"name":"wp","href":"https:\/\/api.w.org\/{rel}","templated":true}]}}