{"id":10989,"date":"2021-02-10T11:52:49","date_gmt":"2021-02-10T17:52:49","guid":{"rendered":"https:\/\/encuentroinformativo.com.mx\/?p=10989"},"modified":"2021-02-10T11:52:51","modified_gmt":"2021-02-10T17:52:51","slug":"solicitan-informacion-locatarios-sobre-proyecto-de-remodelacion","status":"publish","type":"post","link":"https:\/\/encuentroinformativo.com.mx\/?p=10989","title":{"rendered":"Solicitan informaci\u00f3n locatarios sobre proyecto de remodelaci\u00f3n"},"content":{"rendered":"\n<p><strong>Dar\u00edo Pale <\/strong><\/p>\n\n\n\n<p>Xalapa, Ver.- Debido a que los locatarios del Mercado La Rotonda no cuentan con informaci\u00f3n respecto a la remodelaci\u00f3n del lugar, solo est\u00e1n a la expectativa ya que\u00a0estar\u00e1 a cargo de la Secretaria de Desarrollo Rural, Agrario Territorial y Urbano (Sedatu).<\/p>\n\n\n\n<p>\u00c9ste d\u00eda, acudieron al lugar top\u00f3grafos a realizar medidas, sin embargo fueron recibidos por los locatarios para conocer cu\u00e1l era el trabajo que iban a realizar, ya que\u00a0los vendedores del mercado de la Rotonda, est\u00e1n solicitando saber c\u00f3mo est\u00e1 el proyecto de remodelaci\u00f3n; su principal inquietud es conocer si los van a sacar a todos juntos o por partes.<\/p>\n\n\n\n<p>Una de las locatarias do a conocer que hasta el momento ninguna autoridad municipal a acudido con ellos para explicarles sobre los trabajos que van a realizar tanto en el interior como en el exterior.<\/p>\n\n\n\n<p>\u201cLas y los locatarios nos encontramos con miedo de que sea afectado nuestro patrimonio y la econom\u00eda que se genera en los espacios dedicado al comercio y al servicio debido a que dicha dependencia a cargo del proyecto no nos ha informado como se llevar\u00e1 acabo la remodelaci\u00f3n y el alcalde que pueda tener la obra\u201d, se\u00f1al\u00f3.<\/p>\n\n\n\n<p>Finalmente en ese sentido, aclar\u00f3 que ellos, &#8211; los vendedores-\u00a0 no est\u00e1n en contra, ya que reconoci\u00f3 hay muchas deficiencias, pero afirm\u00f3 que es necesario conocer qu\u00e9 se har\u00e1, sobre todo en qu\u00e9 \u00e1reas.<\/p>\n","protected":false},"excerpt":{"rendered":"<p>Dar\u00edo Pale Xalapa, Ver.- Debido a que los locatarios del Mercado La Rotonda no cuentan con informaci\u00f3n respecto a la remodelaci\u00f3n del lugar, solo est\u00e1n a la expectativa ya que\u00a0estar\u00e1 a cargo de la Secretaria de Desarrollo Rural, Agrario Territorial y Urbano (Sedatu). \u00c9ste d\u00eda, acudieron al lugar top\u00f3grafos a realizar medidas, sin embargo fueron [&hellip;]<\/p>\n","protected":false},"author":1,"featured_media":10990,"comment_status":"open","ping_status":"open","sticky":false,"template":"","format":"standard","meta":{"_jetpack_memberships_contains_paid_content":false,"footnotes":""},"categories":[3],"tags":[],"class_list":["post-10989","post","type-post","status-publish","format-standard","has-post-thumbnail","hentry","category-xalapa"],"jetpack_featured_media_url":"https:\/\/encuentroinformativo.com.mx\/wp-content\/uploads\/2021\/02\/8A853FE3-3390-4C4E-8802-E8A73791354E.jpeg","jetpack_sharing_enabled":true,"jetpack_likes_enabled":true,"amp_enabled":true,"_links":{"self":[{"href":"https:\/\/encuentroinformativo.com.mx\/index.php?rest_route=\/wp\/v2\/posts\/10989","targetHints":{"allow":["GET"]}}],"collection":[{"href":"https:\/\/encuentroinformativo.com.mx\/index.php?rest_route=\/wp\/v2\/posts"}],"about":[{"href":"https:\/\/encuentroinformativo.com.mx\/index.php?rest_route=\/wp\/v2\/types\/post"}],"author":[{"embeddable":true,"href":"https:\/\/encuentroinformativo.com.mx\/index.php?rest_route=\/wp\/v2\/users\/1"}],"replies":[{"embeddable":true,"href":"https:\/\/encuentroinformativo.com.mx\/index.php?rest_route=%2Fwp%2Fv2%2Fcomments&post=10989"}],"version-history":[{"count":1,"href":"https:\/\/encuentroinformativo.com.mx\/index.php?rest_route=\/wp\/v2\/posts\/10989\/revisions"}],"predecessor-version":[{"id":10991,"href":"https:\/\/encuentroinformativo.com.mx\/index.php?rest_route=\/wp\/v2\/posts\/10989\/revisions\/10991"}],"wp:featuredmedia":[{"embeddable":true,"href":"https:\/\/encuentroinformativo.com.mx\/index.php?rest_route=\/wp\/v2\/media\/10990"}],"wp:attachment":[{"href":"https:\/\/encuentroinformativo.com.mx\/index.php?rest_route=%2Fwp%2Fv2%2Fmedia&parent=10989"}],"wp:term":[{"taxonomy":"category","embeddable":true,"href":"https:\/\/encuentroinformativo.com.mx\/index.php?rest_route=%2Fwp%2Fv2%2Fcategories&post=10989"},{"taxonomy":"post_tag","embeddable":true,"href":"https:\/\/encuentroinformativo.com.mx\/index.php?rest_route=%2Fwp%2Fv2%2Ftags&post=10989"}],"curies":[{"name":"wp","href":"https:\/\/api.w.org\/{rel}","templated":true}]}}