{"id":10995,"date":"2021-02-10T13:31:08","date_gmt":"2021-02-10T19:31:08","guid":{"rendered":"https:\/\/encuentroinformativo.com.mx\/?p=10995"},"modified":"2021-02-10T13:31:10","modified_gmt":"2021-02-10T19:31:10","slug":"defienden-ciclistas-construccion-de-ciclovia-en-xalapa","status":"publish","type":"post","link":"https:\/\/encuentroinformativo.com.mx\/?p=10995","title":{"rendered":"Defienden ciclistas construcci\u00f3n de ciclov\u00eda en Xalapa"},"content":{"rendered":"\n<p><strong>Juan Arcos<\/strong> <\/p>\n\n\n\n<p>Xalapa, Ver.- Decenas de ciclistas hicieron un recorrido sobre la avenida Adolfo Ruiz Cortines, en apoyo al proyecto de la ciclov\u00eda sobre dicha arteria vehicular.<\/p>\n\n\n\n<p>Estas personas iniciaron el trayecto afuera de las oficinas de la Secretar\u00eda de Finanzas y Planeaci\u00f3n (Sefiplan), se trasladaron a la escuela de bachilleres Art\u00edculo Tercero Constitucional y, posteriormente, regresaron al mismo punto.<\/p>\n\n\n\n<p>De acuerdo con Luis Fernando L\u00f3pez Galicia, integrante de la asociaci\u00f3n civil Physis Ciclovida, se busca que las nuevas generaciones tengan un espacio digno para transitar en bicicleta.\u00a0<\/p>\n\n\n\n<p>El entrevistado indic\u00f3 que tambi\u00e9n se pretende inculcar una cultura para el uso de la bicicleta como medio de transporte y as\u00ed sustituir al veh\u00edculo motorizado.<\/p>\n\n\n\n<p>Mencion\u00f3 que m\u00e1s adelante se exigir\u00eda la instalaci\u00f3n de m\u00e1s ciclov\u00edas en la capital del estado; sin embargo, destac\u00f3 que actualmente se trabajar\u00e1 solo en la que se encuentra sobre la avenida Ruiz Cortines.<\/p>\n\n\n\n<p>\u201cA partir de ah\u00ed van a poder cambiar su veh\u00edculo motorizado por la bicicleta. Primero vamos a trabajar en esta ciclov\u00eda, lo importante es la sensibilizaci\u00f3n, de que no por tener un auto o un cami\u00f3n muy grande tengo mayores derechos\u201d.<\/p>\n\n\n\n<p>A\u00f1adi\u00f3 que los automovilistas deben ver a la bicicleta como un medio de transporte ben\u00e9fico porque ocupa menos espacio y es amigable con el medio ambiente.<\/p>\n\n\n\n<p>\u201cPorque si llego a un sem\u00e1foro y hay tres o cuatro ciclistas en ese mismo sem\u00e1foro, son tres o cuatro autom\u00f3viles menos, solamente en ese cruce\u201d.<\/p>\n\n\n\n<p>L\u00f3pez Galicia refiri\u00f3 que los vecinos y comerciantes de la avenida Ruiz Cortines que han protestado en rechazo a la ciclov\u00eda est\u00e1n en su derecho; sin embargo, a su juicio, no han externado argumentos v\u00e1lidos para que el proyecto sea cancelado.<\/p>\n\n\n\n<p>\u201cLes hemos preguntado a las personas y se niegan al di\u00e1logo, es l\u00f3gico que en una ciudad con tantos habitantes como Xalapa haya alguien a quien no le parezca (el proyecto)\u201d, remat\u00f3.<br><\/p>\n\n\n\n<figure class=\"wp-block-image size-large\"><img loading=\"lazy\" decoding=\"async\" width=\"1024\" height=\"768\" src=\"https:\/\/encuentroinformativo.com.mx\/wp-content\/uploads\/2021\/02\/0C973115-53BC-47C9-83D0-F872670ACBA9-1024x768.jpeg\" alt=\"\" class=\"wp-image-10997\" srcset=\"https:\/\/encuentroinformativo.com.mx\/wp-content\/uploads\/2021\/02\/0C973115-53BC-47C9-83D0-F872670ACBA9-1024x768.jpeg 1024w, https:\/\/encuentroinformativo.com.mx\/wp-content\/uploads\/2021\/02\/0C973115-53BC-47C9-83D0-F872670ACBA9-300x225.jpeg 300w, https:\/\/encuentroinformativo.com.mx\/wp-content\/uploads\/2021\/02\/0C973115-53BC-47C9-83D0-F872670ACBA9-768x576.jpeg 768w, https:\/\/encuentroinformativo.com.mx\/wp-content\/uploads\/2021\/02\/0C973115-53BC-47C9-83D0-F872670ACBA9-1536x1152.jpeg 1536w, https:\/\/encuentroinformativo.com.mx\/wp-content\/uploads\/2021\/02\/0C973115-53BC-47C9-83D0-F872670ACBA9.jpeg 1600w\" sizes=\"auto, (max-width: 1024px) 100vw, 1024px\" \/><\/figure>\n","protected":false},"excerpt":{"rendered":"<p>Juan Arcos Xalapa, Ver.- Decenas de ciclistas hicieron un recorrido sobre la avenida Adolfo Ruiz Cortines, en apoyo al proyecto de la ciclov\u00eda sobre dicha arteria vehicular. Estas personas iniciaron el trayecto afuera de las oficinas de la Secretar\u00eda de Finanzas y Planeaci\u00f3n (Sefiplan), se trasladaron a la escuela de bachilleres Art\u00edculo Tercero Constitucional y, [&hellip;]<\/p>\n","protected":false},"author":1,"featured_media":10996,"comment_status":"open","ping_status":"open","sticky":false,"template":"","format":"standard","meta":{"_jetpack_memberships_contains_paid_content":false,"footnotes":""},"categories":[3],"tags":[],"class_list":["post-10995","post","type-post","status-publish","format-standard","has-post-thumbnail","hentry","category-xalapa"],"jetpack_featured_media_url":"https:\/\/encuentroinformativo.com.mx\/wp-content\/uploads\/2021\/02\/53D55882-5868-4398-A7DF-B126247AEB78.jpeg","jetpack_sharing_enabled":true,"jetpack_likes_enabled":true,"amp_enabled":true,"_links":{"self":[{"href":"https:\/\/encuentroinformativo.com.mx\/index.php?rest_route=\/wp\/v2\/posts\/10995","targetHints":{"allow":["GET"]}}],"collection":[{"href":"https:\/\/encuentroinformativo.com.mx\/index.php?rest_route=\/wp\/v2\/posts"}],"about":[{"href":"https:\/\/encuentroinformativo.com.mx\/index.php?rest_route=\/wp\/v2\/types\/post"}],"author":[{"embeddable":true,"href":"https:\/\/encuentroinformativo.com.mx\/index.php?rest_route=\/wp\/v2\/users\/1"}],"replies":[{"embeddable":true,"href":"https:\/\/encuentroinformativo.com.mx\/index.php?rest_route=%2Fwp%2Fv2%2Fcomments&post=10995"}],"version-history":[{"count":1,"href":"https:\/\/encuentroinformativo.com.mx\/index.php?rest_route=\/wp\/v2\/posts\/10995\/revisions"}],"predecessor-version":[{"id":10998,"href":"https:\/\/encuentroinformativo.com.mx\/index.php?rest_route=\/wp\/v2\/posts\/10995\/revisions\/10998"}],"wp:featuredmedia":[{"embeddable":true,"href":"https:\/\/encuentroinformativo.com.mx\/index.php?rest_route=\/wp\/v2\/media\/10996"}],"wp:attachment":[{"href":"https:\/\/encuentroinformativo.com.mx\/index.php?rest_route=%2Fwp%2Fv2%2Fmedia&parent=10995"}],"wp:term":[{"taxonomy":"category","embeddable":true,"href":"https:\/\/encuentroinformativo.com.mx\/index.php?rest_route=%2Fwp%2Fv2%2Fcategories&post=10995"},{"taxonomy":"post_tag","embeddable":true,"href":"https:\/\/encuentroinformativo.com.mx\/index.php?rest_route=%2Fwp%2Fv2%2Ftags&post=10995"}],"curies":[{"name":"wp","href":"https:\/\/api.w.org\/{rel}","templated":true}]}}