{"id":11002,"date":"2021-02-10T15:15:34","date_gmt":"2021-02-10T21:15:34","guid":{"rendered":"https:\/\/encuentroinformativo.com.mx\/?p=11002"},"modified":"2021-02-10T15:15:36","modified_gmt":"2021-02-10T21:15:36","slug":"proxima-semana-llega-dotacion-de-vacunas-gobernador","status":"publish","type":"post","link":"https:\/\/encuentroinformativo.com.mx\/?p=11002","title":{"rendered":"Pr\u00f3xima semana llega dotaci\u00f3n de vacunas: Gobernador"},"content":{"rendered":"\n<p><strong>Dar\u00edo Pale <\/strong><\/p>\n\n\n\n<p>Xalapa, Ver.- El gobernador del estado Cuitl\u00e1huac Garc\u00eda JImenez dio a conocer que este 15 de febrero llegar\u00e1 el embarque de vacunas que servir\u00e1 la para la aplicaci\u00f3n de la segunda dosis para el personal m\u00e9dico y de enfermer\u00eda del Pa\u00eds que enfrenta la pandemia.<\/p>\n\n\n\n<p>En conferencia de prensa realizada en la sala de Banderas de palacio de gobierno se\u00f1al\u00f3 que, &#8220;en Veracruz tenemos todo listo para recibir el embarque de la segunda dosis de la vacuna Pfizer para que se aplique a todo el personal m\u00e9dico de primera l\u00ednea que recibi\u00f3 la primera dosis. Se tendr\u00e1 en tiempo y forma para que sea la segunda aplicaci\u00f3n. Ya esa log\u00edstica est\u00e1 completamente detallada&#8221;.<\/p>\n\n\n\n<p>Manifest\u00f3 que ya est\u00e1n trabajando en la segunda fase de vacunaci\u00f3n para los adultos mayores, por lo\u00a0que con el anuncio de este d\u00eda del Presidente de que ya vienen los embarques de AstraZeneca, anunci\u00f3 que dichas vacunas tambi\u00e9n llegar\u00e1n al Estado.<\/p>\n\n\n\n<p>El Mandatario indic\u00f3 que se llevar\u00e1 a cabo una reuni\u00f3n con la secretaria de Gobernaci\u00f3n, Olga S\u00e1nchez Cordero, con todos los mandatarios del Pa\u00eds y las autoridades de salud para detallar cu\u00e1ntas vacunas llegar\u00e1n de las otras farmac\u00e9uticas a cada entidad.<\/p>\n\n\n\n<p>&#8220;Mientras tanto, estaremos abocados a concluir la segunda dosis de Pfizer para todo el personal que recibi\u00f3 la primera dosis. En Veracruz est\u00e1 garantizado, s\u00f3lo quer\u00eda hacerles ver qu\u00e9 esa la pol\u00edtica m\u00e1s acertada, confiar en el Plan Nacional de Vacunaci\u00f3n y apoyarla en lugar de enga\u00f1ar&#8221;, finaliz\u00f3.<\/p>\n","protected":false},"excerpt":{"rendered":"<p>Dar\u00edo Pale Xalapa, Ver.- El gobernador del estado Cuitl\u00e1huac Garc\u00eda JImenez dio a conocer que este 15 de febrero llegar\u00e1 el embarque de vacunas que servir\u00e1 la para la aplicaci\u00f3n de la segunda dosis para el personal m\u00e9dico y de enfermer\u00eda del Pa\u00eds que enfrenta la pandemia. En conferencia de prensa realizada en la sala [&hellip;]<\/p>\n","protected":false},"author":1,"featured_media":11003,"comment_status":"open","ping_status":"open","sticky":false,"template":"","format":"standard","meta":{"_jetpack_memberships_contains_paid_content":false,"footnotes":""},"categories":[2],"tags":[],"class_list":["post-11002","post","type-post","status-publish","format-standard","has-post-thumbnail","hentry","category-estado"],"jetpack_featured_media_url":"https:\/\/encuentroinformativo.com.mx\/wp-content\/uploads\/2021\/02\/0E048A37-CC82-44A0-B67D-54FE912813D5.jpeg","jetpack_sharing_enabled":true,"jetpack_likes_enabled":true,"amp_enabled":true,"_links":{"self":[{"href":"https:\/\/encuentroinformativo.com.mx\/index.php?rest_route=\/wp\/v2\/posts\/11002","targetHints":{"allow":["GET"]}}],"collection":[{"href":"https:\/\/encuentroinformativo.com.mx\/index.php?rest_route=\/wp\/v2\/posts"}],"about":[{"href":"https:\/\/encuentroinformativo.com.mx\/index.php?rest_route=\/wp\/v2\/types\/post"}],"author":[{"embeddable":true,"href":"https:\/\/encuentroinformativo.com.mx\/index.php?rest_route=\/wp\/v2\/users\/1"}],"replies":[{"embeddable":true,"href":"https:\/\/encuentroinformativo.com.mx\/index.php?rest_route=%2Fwp%2Fv2%2Fcomments&post=11002"}],"version-history":[{"count":1,"href":"https:\/\/encuentroinformativo.com.mx\/index.php?rest_route=\/wp\/v2\/posts\/11002\/revisions"}],"predecessor-version":[{"id":11004,"href":"https:\/\/encuentroinformativo.com.mx\/index.php?rest_route=\/wp\/v2\/posts\/11002\/revisions\/11004"}],"wp:featuredmedia":[{"embeddable":true,"href":"https:\/\/encuentroinformativo.com.mx\/index.php?rest_route=\/wp\/v2\/media\/11003"}],"wp:attachment":[{"href":"https:\/\/encuentroinformativo.com.mx\/index.php?rest_route=%2Fwp%2Fv2%2Fmedia&parent=11002"}],"wp:term":[{"taxonomy":"category","embeddable":true,"href":"https:\/\/encuentroinformativo.com.mx\/index.php?rest_route=%2Fwp%2Fv2%2Fcategories&post=11002"},{"taxonomy":"post_tag","embeddable":true,"href":"https:\/\/encuentroinformativo.com.mx\/index.php?rest_route=%2Fwp%2Fv2%2Ftags&post=11002"}],"curies":[{"name":"wp","href":"https:\/\/api.w.org\/{rel}","templated":true}]}}