{"id":11005,"date":"2021-02-10T15:21:00","date_gmt":"2021-02-10T21:21:00","guid":{"rendered":"https:\/\/encuentroinformativo.com.mx\/?p=11005"},"modified":"2021-02-10T15:21:31","modified_gmt":"2021-02-10T21:21:31","slug":"ocupara-mexico-primeros-lugares-en-desercion-escolar","status":"publish","type":"post","link":"https:\/\/encuentroinformativo.com.mx\/?p=11005","title":{"rendered":"Ocupar\u00e1 M\u00e9xico primeros lugares en deserci\u00f3n escolar"},"content":{"rendered":"\n<p><strong>Alejandro \u00c1vila<\/strong><\/p>\n\n\n\n<p>Veracruz, Ver.- El Banco Interamericano de Desarrollo (BID) se\u00f1al\u00f3 en un estudio que M\u00e9xico es el segundo pa\u00eds en Am\u00e9rica Latina que, tras la pandemia, tendr\u00e1 el mayor abandono escolar entre los 6 y 17 a\u00f1os.<\/p>\n\n\n\n<p>El 16% lo har\u00e1 por motivos econ\u00f3micos, mientras que 9% lo har\u00e1 por razones acad\u00e9micas. Es decir, m\u00e1s de 628 mil ni\u00f1os y j\u00f3venes de 6 a 17 a\u00f1os de edad abandonar\u00e1n los estudios por la crisis econ\u00f3mica que disminuye los ingresos de las familias, adem\u00e1s de falta de condiciones para el aprendizaje a trav\u00e9s de la educaci\u00f3n no presencial.<\/p>\n\n\n\n<p>Por esta raz\u00f3n, la vice coordinadora del Grupo Parlamentario del PRI en la C\u00e1mara de Diputados, Anil\u00fa Ingram Vallines, present\u00f3 una iniciativa este martes, a fin de que el Estado le garantice un buen inicio a las nuevas generaciones, constitucionalizando el derecho a la primera infancia, desde 0 a 6 a\u00f1os, en el art\u00edculo cuarto.<\/p>\n\n\n\n<p>\u201cEsta generaci\u00f3n que est\u00e1 naciendo, nos urge a que desde este recinto les garanticemos, que a pesar de la situaci\u00f3n en la que estamos, cuenten con las bases para un desarrollo, por lo que se vuelve de vital importancia que el Estado mexicano asuma el compromiso de velar por los derechos humanos de las ni\u00f1as y ni\u00f1os desde su nacimiento y hasta los seis a\u00f1os de edad, con la finalidad de garantizarles vivir en un entorno que les permita un desarrollo integral en la etapa denominada primera infancia\u201d, explic\u00f3.<\/p>\n\n\n\n<p>En ese sentido la veracruzana subray\u00f3 que, de acuerdo con la UNICEF, el mundo, debido a la pandemia del Covid19, las interrupciones de los servicios y el aumento de la desnutrici\u00f3n, podr\u00eda ocasionar 2 millones de muertes de menores de 5 a\u00f1os. Adem\u00e1s, entre 6 y 7 millones de ni\u00f1os menores de cinco a\u00f1os podr\u00edan sufrir desnutrici\u00f3n aguda.<\/p>\n\n\n\n<p>\u201cPor desgracia en nuestro pa\u00eds, antes de la pandemia ya exist\u00edan millones de ni\u00f1as y ni\u00f1os que est\u00e1n privados de los elementos que fomentan su desarrollo en su primera infancia, debido a la reducci\u00f3n y eliminaci\u00f3n de diversos programas como Prospera, Estancias Infantiles e inclusive, pasar\u00e1 a la historia las declaraciones del titular del Ejecutivo Federal en un acto de vulneraci\u00f3n a los derechos de la infancia de las ni\u00f1as y ni\u00f1os, en las cuales expres\u00f3 que los peque\u00f1os sean cuidados por los hermanos mayores, por los t\u00edos, abuelos, primos, amistad o hasta por una vecina\u201d, expuso.<\/p>\n\n\n\n<p>Ingram Vallines puntualiz\u00f3 que lo anterior se ha agudizado luego de que el gobierno federal morenista desarticul\u00f3 Prospera y las Estancias Infantiles, dejando a millones de ni\u00f1as y ni\u00f1os, al cuidado de sus abuelos o vecinos, ya que en estos momento, las personas de la tercera edad est\u00e1n confinamiento desde hace un a\u00f1o, sin poder ver a su familia.<\/p>\n\n\n\n<p>\u201cMe reh\u00faso rotundamente a creer que no podemos garantizarles un mejor pa\u00eds a las nuevas generaciones. Me niego a creer que esta generaci\u00f3n es perdida gracias a las malas decisiones de este gobierno, est\u00e1 en nosotros que esto no pase\u201d, finaliz\u00f3.<\/p>\n","protected":false},"excerpt":{"rendered":"<p>Alejandro \u00c1vila Veracruz, Ver.- El Banco Interamericano de Desarrollo (BID) se\u00f1al\u00f3 en un estudio que M\u00e9xico es el segundo pa\u00eds en Am\u00e9rica Latina que, tras la pandemia, tendr\u00e1 el mayor abandono escolar entre los 6 y 17 a\u00f1os. El 16% lo har\u00e1 por motivos econ\u00f3micos, mientras que 9% lo har\u00e1 por razones acad\u00e9micas. Es decir, [&hellip;]<\/p>\n","protected":false},"author":1,"featured_media":11006,"comment_status":"open","ping_status":"open","sticky":false,"template":"","format":"standard","meta":{"_jetpack_memberships_contains_paid_content":false,"footnotes":""},"categories":[2],"tags":[],"class_list":["post-11005","post","type-post","status-publish","format-standard","has-post-thumbnail","hentry","category-estado"],"jetpack_featured_media_url":"https:\/\/encuentroinformativo.com.mx\/wp-content\/uploads\/2021\/02\/1ECC0427-7A6E-4DF2-B4EF-C2DF59D18190.jpeg","jetpack_sharing_enabled":true,"jetpack_likes_enabled":true,"amp_enabled":true,"_links":{"self":[{"href":"https:\/\/encuentroinformativo.com.mx\/index.php?rest_route=\/wp\/v2\/posts\/11005","targetHints":{"allow":["GET"]}}],"collection":[{"href":"https:\/\/encuentroinformativo.com.mx\/index.php?rest_route=\/wp\/v2\/posts"}],"about":[{"href":"https:\/\/encuentroinformativo.com.mx\/index.php?rest_route=\/wp\/v2\/types\/post"}],"author":[{"embeddable":true,"href":"https:\/\/encuentroinformativo.com.mx\/index.php?rest_route=\/wp\/v2\/users\/1"}],"replies":[{"embeddable":true,"href":"https:\/\/encuentroinformativo.com.mx\/index.php?rest_route=%2Fwp%2Fv2%2Fcomments&post=11005"}],"version-history":[{"count":1,"href":"https:\/\/encuentroinformativo.com.mx\/index.php?rest_route=\/wp\/v2\/posts\/11005\/revisions"}],"predecessor-version":[{"id":11007,"href":"https:\/\/encuentroinformativo.com.mx\/index.php?rest_route=\/wp\/v2\/posts\/11005\/revisions\/11007"}],"wp:featuredmedia":[{"embeddable":true,"href":"https:\/\/encuentroinformativo.com.mx\/index.php?rest_route=\/wp\/v2\/media\/11006"}],"wp:attachment":[{"href":"https:\/\/encuentroinformativo.com.mx\/index.php?rest_route=%2Fwp%2Fv2%2Fmedia&parent=11005"}],"wp:term":[{"taxonomy":"category","embeddable":true,"href":"https:\/\/encuentroinformativo.com.mx\/index.php?rest_route=%2Fwp%2Fv2%2Fcategories&post=11005"},{"taxonomy":"post_tag","embeddable":true,"href":"https:\/\/encuentroinformativo.com.mx\/index.php?rest_route=%2Fwp%2Fv2%2Ftags&post=11005"}],"curies":[{"name":"wp","href":"https:\/\/api.w.org\/{rel}","templated":true}]}}