{"id":11008,"date":"2021-02-10T16:31:33","date_gmt":"2021-02-10T22:31:33","guid":{"rendered":"https:\/\/encuentroinformativo.com.mx\/?p=11008"},"modified":"2021-02-10T16:32:07","modified_gmt":"2021-02-10T22:32:07","slug":"rechazan-morenos-presunta-candidatura-de-marcos-isleno","status":"publish","type":"post","link":"https:\/\/encuentroinformativo.com.mx\/?p=11008","title":{"rendered":"Rechazan morenos presunta candidatura de Marcos Isle\u00f1o"},"content":{"rendered":"\n<p><strong>Alejandro \u00c1vila<\/strong><\/p>\n\n\n\n<p>Medell\u00edn de Bravo, Ver.- La lucha por evitar una imposici\u00f3n en la candidatura a la alcald\u00eda de Medell\u00edn de Bravo en el Movimiento de Regeneraci\u00f3n Nacional (MORENA) contin\u00faa, este mi\u00e9rcoles fue difundida la carta que los militantes enviaron al presidente nacional, Mario Delgado Carrillo.<\/p>\n\n\n\n<p>El documento es en\u00e9rgico, pues le piden al l\u00edder nacional tajantemente, no hacer alianzas con el duartismo, lo acompa\u00f1an la firmas de militantes fundadores del partido en el municipio, quienes aseguran que de aprobarse la candidatura de Marcos Isle\u00f1o Andrade, se estar\u00eda dejando ingresar a sus filas a Javier Duarte de Ochoa y Javier Herrera Borunda.<\/p>\n\n\n\n<p>&#8220;La militancia de Morena en el municipio de Medell\u00edn de Bravo, Veracruz, manifiesta p\u00fablicamente su repudio y rechazo a la pretensi\u00f3n de imponer al priista-Duartista, Marcos Isle\u00f1o, como candidato de la coalici\u00f3n Morena-Verde-PT a la alcald\u00eda de nuestro municipio, solo por el hecho de ser un incondicional de Javier Herrera Borunda y Javier Duarte de Ochoa&#8221;.<\/p>\n\n\n\n<p>El texto se\u00f1ala que estos personajes representan lo peor de la pol\u00edtica y el servicio p\u00fablico, algo que se pens\u00f3 -aclaran- acabar\u00eda con llegada de la Cuarta Transformaci\u00f3n.<\/p>\n\n\n\n<p>Adem\u00e1s, se expone que ellos no representan el proyecto del presidente Andr\u00e9s Manuel L\u00f3pez Obrador, quien se comprometi\u00f3 a acabar con la corrupci\u00f3n.<\/p>\n\n\n\n<p>&#8220;De una vez le decimos a nuestra dirigencia: no aceptaremos la imposici\u00f3n de Marcos Isle\u00f1o, no aceptaremos que Javier Herrera y Javier Duarte se incrusten en la Cuarta Transformaci\u00f3n. No estamos en contra de la alianza, estamos en contra de la nueva alianza con el duartismo que tanto da\u00f1o le ha hecho a Veracruz y a los Veracruzanos&#8221;.<\/p>\n\n\n\n<figure class=\"wp-block-image size-large\"><img loading=\"lazy\" decoding=\"async\" width=\"750\" height=\"994\" src=\"https:\/\/encuentroinformativo.com.mx\/wp-content\/uploads\/2021\/02\/E3432D34-CD84-4206-864A-A11532C9D2DB.jpeg\" alt=\"\" class=\"wp-image-11009\" srcset=\"https:\/\/encuentroinformativo.com.mx\/wp-content\/uploads\/2021\/02\/E3432D34-CD84-4206-864A-A11532C9D2DB.jpeg 750w, https:\/\/encuentroinformativo.com.mx\/wp-content\/uploads\/2021\/02\/E3432D34-CD84-4206-864A-A11532C9D2DB-226x300.jpeg 226w\" sizes=\"auto, (max-width: 750px) 100vw, 750px\" \/><\/figure>\n","protected":false},"excerpt":{"rendered":"<p>Alejandro \u00c1vila Medell\u00edn de Bravo, Ver.- La lucha por evitar una imposici\u00f3n en la candidatura a la alcald\u00eda de Medell\u00edn de Bravo en el Movimiento de Regeneraci\u00f3n Nacional (MORENA) contin\u00faa, este mi\u00e9rcoles fue difundida la carta que los militantes enviaron al presidente nacional, Mario Delgado Carrillo. El documento es en\u00e9rgico, pues le piden al l\u00edder [&hellip;]<\/p>\n","protected":false},"author":1,"featured_media":11009,"comment_status":"open","ping_status":"open","sticky":false,"template":"","format":"standard","meta":{"_jetpack_memberships_contains_paid_content":false,"footnotes":""},"categories":[2],"tags":[],"class_list":["post-11008","post","type-post","status-publish","format-standard","has-post-thumbnail","hentry","category-estado"],"jetpack_featured_media_url":"https:\/\/encuentroinformativo.com.mx\/wp-content\/uploads\/2021\/02\/E3432D34-CD84-4206-864A-A11532C9D2DB.jpeg","jetpack_sharing_enabled":true,"jetpack_likes_enabled":true,"amp_enabled":true,"_links":{"self":[{"href":"https:\/\/encuentroinformativo.com.mx\/index.php?rest_route=\/wp\/v2\/posts\/11008","targetHints":{"allow":["GET"]}}],"collection":[{"href":"https:\/\/encuentroinformativo.com.mx\/index.php?rest_route=\/wp\/v2\/posts"}],"about":[{"href":"https:\/\/encuentroinformativo.com.mx\/index.php?rest_route=\/wp\/v2\/types\/post"}],"author":[{"embeddable":true,"href":"https:\/\/encuentroinformativo.com.mx\/index.php?rest_route=\/wp\/v2\/users\/1"}],"replies":[{"embeddable":true,"href":"https:\/\/encuentroinformativo.com.mx\/index.php?rest_route=%2Fwp%2Fv2%2Fcomments&post=11008"}],"version-history":[{"count":2,"href":"https:\/\/encuentroinformativo.com.mx\/index.php?rest_route=\/wp\/v2\/posts\/11008\/revisions"}],"predecessor-version":[{"id":11011,"href":"https:\/\/encuentroinformativo.com.mx\/index.php?rest_route=\/wp\/v2\/posts\/11008\/revisions\/11011"}],"wp:featuredmedia":[{"embeddable":true,"href":"https:\/\/encuentroinformativo.com.mx\/index.php?rest_route=\/wp\/v2\/media\/11009"}],"wp:attachment":[{"href":"https:\/\/encuentroinformativo.com.mx\/index.php?rest_route=%2Fwp%2Fv2%2Fmedia&parent=11008"}],"wp:term":[{"taxonomy":"category","embeddable":true,"href":"https:\/\/encuentroinformativo.com.mx\/index.php?rest_route=%2Fwp%2Fv2%2Fcategories&post=11008"},{"taxonomy":"post_tag","embeddable":true,"href":"https:\/\/encuentroinformativo.com.mx\/index.php?rest_route=%2Fwp%2Fv2%2Ftags&post=11008"}],"curies":[{"name":"wp","href":"https:\/\/api.w.org\/{rel}","templated":true}]}}