{"id":11012,"date":"2021-02-10T17:12:35","date_gmt":"2021-02-10T23:12:35","guid":{"rendered":"https:\/\/encuentroinformativo.com.mx\/?p=11012"},"modified":"2021-02-10T17:12:38","modified_gmt":"2021-02-10T23:12:38","slug":"madre-pide-ayuda-para-recuperar-a-su-hijo","status":"publish","type":"post","link":"https:\/\/encuentroinformativo.com.mx\/?p=11012","title":{"rendered":"Madre pide ayuda para recuperar a su hijo"},"content":{"rendered":"\n<p><strong>Alejandro \u00c1vila<\/strong><\/p>\n\n\n\n<p>Medell\u00edn de Bravo, Ver.- Mar\u00eda del Carmen Pe\u00f1a Mu\u00f1oz desconoce el paradero de su hijo Francisco \u00c1ngel de Jes\u00fas Jim\u00e9nez Pe\u00f1a, a quien el pasado 4 de diciembre entreg\u00f3 a su padre, Evaristo J.C. y este, presuntamente lo habr\u00eda alejado de su lado de manera ilegal.<\/p>\n\n\n\n<p>La mujer relat\u00f3 que como de costumbre, tras com\u00fan acuerdo, dio a su hijo a su padre para que convivieran, era algo que ya hab\u00eda sucedido y tras pasar un tiempo con \u00e9l, le era devuelto; pero en esta ocasi\u00f3n, el padre del menor habr\u00eda, presuntamente llevado al ni\u00f1o a otro Estado.<\/p>\n\n\n\n<p>En un intento desesperado por recuperar a su hijo, acudi\u00f3 con la familia de ex pareja para conocer su paradero, pero fue atacada f\u00edsicamente, quedando con graves heridas por los golpes; por tal motivo, acudi\u00f3 a la Fiscal\u00eda General del Estado de Veracruz a interponer una denuncia, pero dicha instituci\u00f3n, acus\u00f3, \u00fanicamente le acept\u00f3 la de denuncia por violencia y no la de sustracci\u00f3n del menor.<\/p>\n\n\n\n<p>&#8220;Nada m\u00e1s me aceptaron la denuncia por violencia no me quisieron aceptar por sustracci\u00f3n de menores (\u2026) En la denuncia de violencia le pusieron un citatorio pero no se present\u00f3, la licenciada me dijo que pod\u00edan entregarle otro pero que yo ten\u00eda que dar con d\u00f3nde estaba&#8221;.<\/p>\n\n\n\n<p>Finalmente, la madre del menor dijo que su ex pareja es una persona violenta, por lo que teme en un arranque de ira, tambi\u00e9n golpee a su hijo como algunas veces lo hizo con ella. El menor solo tiene 4 a\u00f1os de edad.<\/p>\n","protected":false},"excerpt":{"rendered":"<p>Alejandro \u00c1vila Medell\u00edn de Bravo, Ver.- Mar\u00eda del Carmen Pe\u00f1a Mu\u00f1oz desconoce el paradero de su hijo Francisco \u00c1ngel de Jes\u00fas Jim\u00e9nez Pe\u00f1a, a quien el pasado 4 de diciembre entreg\u00f3 a su padre, Evaristo J.C. y este, presuntamente lo habr\u00eda alejado de su lado de manera ilegal. La mujer relat\u00f3 que como de costumbre, [&hellip;]<\/p>\n","protected":false},"author":1,"featured_media":11013,"comment_status":"open","ping_status":"open","sticky":false,"template":"","format":"standard","meta":{"_jetpack_memberships_contains_paid_content":false,"footnotes":""},"categories":[2],"tags":[],"class_list":["post-11012","post","type-post","status-publish","format-standard","has-post-thumbnail","hentry","category-estado"],"jetpack_featured_media_url":"https:\/\/encuentroinformativo.com.mx\/wp-content\/uploads\/2021\/02\/337D3BC9-0799-410E-9815-516F1A10D906.jpeg","jetpack_sharing_enabled":true,"jetpack_likes_enabled":true,"amp_enabled":true,"_links":{"self":[{"href":"https:\/\/encuentroinformativo.com.mx\/index.php?rest_route=\/wp\/v2\/posts\/11012","targetHints":{"allow":["GET"]}}],"collection":[{"href":"https:\/\/encuentroinformativo.com.mx\/index.php?rest_route=\/wp\/v2\/posts"}],"about":[{"href":"https:\/\/encuentroinformativo.com.mx\/index.php?rest_route=\/wp\/v2\/types\/post"}],"author":[{"embeddable":true,"href":"https:\/\/encuentroinformativo.com.mx\/index.php?rest_route=\/wp\/v2\/users\/1"}],"replies":[{"embeddable":true,"href":"https:\/\/encuentroinformativo.com.mx\/index.php?rest_route=%2Fwp%2Fv2%2Fcomments&post=11012"}],"version-history":[{"count":1,"href":"https:\/\/encuentroinformativo.com.mx\/index.php?rest_route=\/wp\/v2\/posts\/11012\/revisions"}],"predecessor-version":[{"id":11014,"href":"https:\/\/encuentroinformativo.com.mx\/index.php?rest_route=\/wp\/v2\/posts\/11012\/revisions\/11014"}],"wp:featuredmedia":[{"embeddable":true,"href":"https:\/\/encuentroinformativo.com.mx\/index.php?rest_route=\/wp\/v2\/media\/11013"}],"wp:attachment":[{"href":"https:\/\/encuentroinformativo.com.mx\/index.php?rest_route=%2Fwp%2Fv2%2Fmedia&parent=11012"}],"wp:term":[{"taxonomy":"category","embeddable":true,"href":"https:\/\/encuentroinformativo.com.mx\/index.php?rest_route=%2Fwp%2Fv2%2Fcategories&post=11012"},{"taxonomy":"post_tag","embeddable":true,"href":"https:\/\/encuentroinformativo.com.mx\/index.php?rest_route=%2Fwp%2Fv2%2Ftags&post=11012"}],"curies":[{"name":"wp","href":"https:\/\/api.w.org\/{rel}","templated":true}]}}