{"id":11015,"date":"2021-02-10T18:13:02","date_gmt":"2021-02-11T00:13:02","guid":{"rendered":"https:\/\/encuentroinformativo.com.mx\/?p=11015"},"modified":"2021-02-10T18:13:04","modified_gmt":"2021-02-11T00:13:04","slug":"se-mantiene-busqueda-de-argentino-desaparecido-en-veracruz","status":"publish","type":"post","link":"https:\/\/encuentroinformativo.com.mx\/?p=11015","title":{"rendered":"Se mantiene b\u00fasqueda de argentino desaparecido en Veracruz"},"content":{"rendered":"\n<p><strong>Juan Arcos<\/strong><\/p>\n\n\n\n<p>Xalapa, Ver.- El gobernador Cuitl\u00e1huac Garc\u00eda Jim\u00e9nez asever\u00f3 que se lleva a cabo una b\u00fasqueda en Veracruz para localizar a Alejandro Federico Reinhold, alias \u201cDuke\u201d, originario de Buenos Aires, Argentina, quien est\u00e1 por cumplir un mes desaparecido.<\/p>\n\n\n\n<p>El mandatario estatal indic\u00f3 que el tema fue abordado en la Mesa de Construcci\u00f3n de la Paz, celebrada este mi\u00e9rcoles 10 de febrero, con la Comisi\u00f3n Estatal de (CEB) B\u00fasqueda y la Fiscal\u00eda General del Estado (FGE).<\/p>\n\n\n\n<p>Cabe recordar que el extranjero desapareci\u00f3 el pasado 13 de enero y su celular dio la \u00faltima se\u00f1al en la localidad Chichicaxtle, municipio de Puente Nacional, a unos 55 kil\u00f3metros de Xalapa.<\/p>\n\n\n\n<p>En conferencia de prensa, el titular del Poder Ejecutivo en Veracruz indic\u00f3 qu\u00e9 hay avances en las investigaciones para dar con el paradero del ciudadano argentino.<\/p>\n\n\n\n<p>\u201cEstan en coordinaci\u00f3n en el mecanismo de b\u00fasqueda, tienen informaci\u00f3n ya muy avanzada y principalmente indagar las cuestiones que pudieron derivar en su ausencia en estos d\u00edas, se est\u00e1 avanzando en la investigaci\u00f3n y sigue en marcha\u201d, expres\u00f3.<\/p>\n\n\n\n<p>El pasado 1 de febrero, la embajada de Argentina en M\u00e9xico emiti\u00f3 un comunicado para solicitar informaci\u00f3n y dar con el paradero del hombre, de 41 a\u00f1os.<\/p>\n\n\n\n<p>Autoridades estatales distribuyeron la ficha de Federico en hospitales y servicios m\u00e9dicos forenses de la entidad; sin embargo, hasta el momento no hay informaci\u00f3n al respecto.<\/p>\n\n\n\n<p>Las autoridades no descartan que su desaparici\u00f3n est\u00e9 relacionada a un hecho de violencia; sin embargo, otra l\u00ednea de investigaci\u00f3n es la ausencia voluntaria, pues sus amigos externaron a las autoridades que pudo haber viajado a Canc\u00fan, estado de Quintana Roo.<\/p>\n\n\n\n<p>Tambi\u00e9n se han realizado diligencias de campo en un taller para la reparaci\u00f3n de motocicletas, ubicado en Xalapa, donde hab\u00eda laborado recientemente.<\/p>\n\n\n\n<p>\u201cNo podemos revelar m\u00e1s para no llegar a obstruir ese proceso de b\u00fasqueda\u201d, enfatiz\u00f3 el Gobernador de Veracruz.<\/p>\n","protected":false},"excerpt":{"rendered":"<p>Juan Arcos Xalapa, Ver.- El gobernador Cuitl\u00e1huac Garc\u00eda Jim\u00e9nez asever\u00f3 que se lleva a cabo una b\u00fasqueda en Veracruz para localizar a Alejandro Federico Reinhold, alias \u201cDuke\u201d, originario de Buenos Aires, Argentina, quien est\u00e1 por cumplir un mes desaparecido. El mandatario estatal indic\u00f3 que el tema fue abordado en la Mesa de Construcci\u00f3n de la [&hellip;]<\/p>\n","protected":false},"author":1,"featured_media":11016,"comment_status":"open","ping_status":"open","sticky":false,"template":"","format":"standard","meta":{"_jetpack_memberships_contains_paid_content":false,"footnotes":""},"categories":[3],"tags":[],"class_list":["post-11015","post","type-post","status-publish","format-standard","has-post-thumbnail","hentry","category-xalapa"],"jetpack_featured_media_url":"https:\/\/encuentroinformativo.com.mx\/wp-content\/uploads\/2021\/02\/840E5760-024B-47A7-A5BB-43DF98F24120.jpeg","jetpack_sharing_enabled":true,"jetpack_likes_enabled":true,"amp_enabled":true,"_links":{"self":[{"href":"https:\/\/encuentroinformativo.com.mx\/index.php?rest_route=\/wp\/v2\/posts\/11015","targetHints":{"allow":["GET"]}}],"collection":[{"href":"https:\/\/encuentroinformativo.com.mx\/index.php?rest_route=\/wp\/v2\/posts"}],"about":[{"href":"https:\/\/encuentroinformativo.com.mx\/index.php?rest_route=\/wp\/v2\/types\/post"}],"author":[{"embeddable":true,"href":"https:\/\/encuentroinformativo.com.mx\/index.php?rest_route=\/wp\/v2\/users\/1"}],"replies":[{"embeddable":true,"href":"https:\/\/encuentroinformativo.com.mx\/index.php?rest_route=%2Fwp%2Fv2%2Fcomments&post=11015"}],"version-history":[{"count":1,"href":"https:\/\/encuentroinformativo.com.mx\/index.php?rest_route=\/wp\/v2\/posts\/11015\/revisions"}],"predecessor-version":[{"id":11017,"href":"https:\/\/encuentroinformativo.com.mx\/index.php?rest_route=\/wp\/v2\/posts\/11015\/revisions\/11017"}],"wp:featuredmedia":[{"embeddable":true,"href":"https:\/\/encuentroinformativo.com.mx\/index.php?rest_route=\/wp\/v2\/media\/11016"}],"wp:attachment":[{"href":"https:\/\/encuentroinformativo.com.mx\/index.php?rest_route=%2Fwp%2Fv2%2Fmedia&parent=11015"}],"wp:term":[{"taxonomy":"category","embeddable":true,"href":"https:\/\/encuentroinformativo.com.mx\/index.php?rest_route=%2Fwp%2Fv2%2Fcategories&post=11015"},{"taxonomy":"post_tag","embeddable":true,"href":"https:\/\/encuentroinformativo.com.mx\/index.php?rest_route=%2Fwp%2Fv2%2Ftags&post=11015"}],"curies":[{"name":"wp","href":"https:\/\/api.w.org\/{rel}","templated":true}]}}