{"id":11036,"date":"2021-02-11T14:38:20","date_gmt":"2021-02-11T20:38:20","guid":{"rendered":"https:\/\/encuentroinformativo.com.mx\/?p=11036"},"modified":"2021-02-11T14:38:23","modified_gmt":"2021-02-11T20:38:23","slug":"padres-reclaman-a-la-sev-clave-para-telesecundaria","status":"publish","type":"post","link":"https:\/\/encuentroinformativo.com.mx\/?p=11036","title":{"rendered":"Padres reclaman a la SEV clave para telesecundaria"},"content":{"rendered":"\n<p><strong>Juan Arcos <\/strong><\/p>\n\n\n\n<p>Xalapa, Ver.- Madres y padres de familia de la escuela telesecundaria \u201cDoctor Manuel Su\u00e1rez Trujillo\u201d protestaron en las oficinas centrales de la Secretar\u00eda de Educaci\u00f3n de Veracruz (SEV) para exigir que sea otorgada la clave oficial a dicha instancia acad\u00e9mica.<\/p>\n\n\n\n<p>En el acceso principal de la dependencia estatal, sostuvieron pancartas donde se leyeron distintos mensajes, como: \u201cexigimos nuestra clave\u201d y \u201cno somos una escuela fantasma\u201d.<\/p>\n\n\n\n<p>Se trata de la telesecundaria anexa a la Escuela Normal Superior Veracruzana (ENSV) \u201cManuel Su\u00e1rez Trujillo\u201d que requiere de dicho registro para operar en absoluta normalidad.<\/p>\n\n\n\n<p>Cabe recordar que este planten funciona desde julio de 2018, pero a\u00fan carece de la clave de centro de trabajo, cuyo registro es proporcionado por las autoridades de la Secretar\u00eda de Educaci\u00f3n P\u00fablica (SEP).<\/p>\n\n\n\n<p>Los inconformes no bloquearon la carretera federal Xalapa-Veracruz; sin embargo, amagaron con seguir manifest\u00e1ndose para que las autoridades educativas atiendan sus peticiones.<\/p>\n\n\n\n<p>Las mam\u00e1s y pap\u00e1s fueron atendidos por personal de la Secretar\u00eda de Educaci\u00f3n de Veracruz (SEV), para llegar a un posible acuerdo.<\/p>\n\n\n\n<p>Sin embargo, indicaron que, en caso de no obtener una respuesta favorable, reanudar\u00e1n las protestas en busca de una soluci\u00f3n a su problema.<\/p>\n","protected":false},"excerpt":{"rendered":"<p>Juan Arcos Xalapa, Ver.- Madres y padres de familia de la escuela telesecundaria \u201cDoctor Manuel Su\u00e1rez Trujillo\u201d protestaron en las oficinas centrales de la Secretar\u00eda de Educaci\u00f3n de Veracruz (SEV) para exigir que sea otorgada la clave oficial a dicha instancia acad\u00e9mica. En el acceso principal de la dependencia estatal, sostuvieron pancartas donde se leyeron [&hellip;]<\/p>\n","protected":false},"author":1,"featured_media":11037,"comment_status":"open","ping_status":"open","sticky":false,"template":"","format":"standard","meta":{"_jetpack_memberships_contains_paid_content":false,"footnotes":""},"categories":[3],"tags":[],"class_list":["post-11036","post","type-post","status-publish","format-standard","has-post-thumbnail","hentry","category-xalapa"],"jetpack_featured_media_url":"https:\/\/encuentroinformativo.com.mx\/wp-content\/uploads\/2021\/02\/6A080EA3-BBC0-41B9-80BF-1119B947379F.jpeg","jetpack_sharing_enabled":true,"jetpack_likes_enabled":true,"amp_enabled":true,"_links":{"self":[{"href":"https:\/\/encuentroinformativo.com.mx\/index.php?rest_route=\/wp\/v2\/posts\/11036","targetHints":{"allow":["GET"]}}],"collection":[{"href":"https:\/\/encuentroinformativo.com.mx\/index.php?rest_route=\/wp\/v2\/posts"}],"about":[{"href":"https:\/\/encuentroinformativo.com.mx\/index.php?rest_route=\/wp\/v2\/types\/post"}],"author":[{"embeddable":true,"href":"https:\/\/encuentroinformativo.com.mx\/index.php?rest_route=\/wp\/v2\/users\/1"}],"replies":[{"embeddable":true,"href":"https:\/\/encuentroinformativo.com.mx\/index.php?rest_route=%2Fwp%2Fv2%2Fcomments&post=11036"}],"version-history":[{"count":1,"href":"https:\/\/encuentroinformativo.com.mx\/index.php?rest_route=\/wp\/v2\/posts\/11036\/revisions"}],"predecessor-version":[{"id":11038,"href":"https:\/\/encuentroinformativo.com.mx\/index.php?rest_route=\/wp\/v2\/posts\/11036\/revisions\/11038"}],"wp:featuredmedia":[{"embeddable":true,"href":"https:\/\/encuentroinformativo.com.mx\/index.php?rest_route=\/wp\/v2\/media\/11037"}],"wp:attachment":[{"href":"https:\/\/encuentroinformativo.com.mx\/index.php?rest_route=%2Fwp%2Fv2%2Fmedia&parent=11036"}],"wp:term":[{"taxonomy":"category","embeddable":true,"href":"https:\/\/encuentroinformativo.com.mx\/index.php?rest_route=%2Fwp%2Fv2%2Fcategories&post=11036"},{"taxonomy":"post_tag","embeddable":true,"href":"https:\/\/encuentroinformativo.com.mx\/index.php?rest_route=%2Fwp%2Fv2%2Ftags&post=11036"}],"curies":[{"name":"wp","href":"https:\/\/api.w.org\/{rel}","templated":true}]}}